{"id":130628,"global_id":"www.visittorshavn.fo\/fo\/?id=130628","global_id_lineage":["www.visittorshavn.fo\/fo\/?id=130628"],"author":"1","status":"publish","date":"2025-07-16 10:38:20","date_utc":"2025-07-16 09:38:20","modified":"2025-07-19 23:39:04","modified_utc":"2025-07-19 22:39:04","url":"https:\/\/www.visittorshavn.fo\/fo\/event\/olavsokuklaedi-listin-og-sogan\/","rest_url":"https:\/\/www.visittorshavn.fo\/fo\/wp-json\/tribe\/events\/v1\/events\/130628","title":"\u00d3lavs\u00f8kukl\u00e6\u00f0i &#8211; Listin og s\u00f8gan","description":"<p>Vi&eth; n&yacute;ggju Kirkjustovuni hava vit n&uacute; b&aelig;&eth;i h&oslash;lir og h&oslash;vi at v&iacute;sa fram og grei&eth;a fr&aacute; hesum sermerkta listaverkinum, sum hevur fingi&eth; fast pl&aacute;ss &iacute; okkara &oacute;lavs&oslash;kusi&eth;venju.<\/p>\n<p>&Oacute;lavs&oslash;kukl&aelig;&eth;i&eth;, sum var&eth; v&iacute;gt &iacute; 2020, er eitt sergj&oslash;rt altarkl&aelig;&eth;i &ndash; eitt antependium &ndash; i&eth; hongur ni&eth;ur fyri tr&iacute;ggjar s&iacute;&eth;urnar &aacute; altarinum. Ta&eth; er vovi&eth; &uacute;r ull, silki og eftirgj&oslash;rdum tr&aacute;&eth;i, og er 393 cm langt og 105 cm h&oslash;gt. Kl&aelig;&eth;i&eth; er framleitt &aacute; heimsvi&eth;urkenda gobelinverksta&eth;num Tapisserie Pinton d&rsquo;Aubusson &iacute; Fraklandi, i&eth; samstarvar vi&eth; Manufacture des Gobelins, stovna&eth; av Ludv&iacute;k XIV.<\/p>\n<p>Listama&eth;urin Edward Fugl&oslash; eigur hugskoti&eth; og myndevni&eth;, sum s&yacute;nir &Oacute;lav Heilaga og litirnir, i&eth; minna um Merki&eth;. Framlei&eth;slan er gj&oslash;rd &iacute; t&oslash;ttum samstarvi vi&eth; Elsu Johannu H&oslash;genni, sum hevur sta&eth;i&eth; fyri tekstilpartinum.<\/p>\n<p>&Aacute; tiltakinum fara Edward og Elsa Johanna at grei&eth;a fr&aacute; um tilgongdina &ndash; fr&aacute; hugskoti til li&eth;ugt verk. Tey fara at l&yacute;sa arbei&eth;i&eth;, listarligu hugsanina og handverki&eth;, sum liggur aftanfyri &Oacute;lavs&oslash;kukl&aelig;&eth;i&eth;.<\/p>\n<p>Tiltaki&eth; byrjar &iacute; Kirkjustovu, har framl&oslash;gan ver&eth;ur hildin. Aftan&aacute; fara vit saman yvir &iacute; Havnar kirkju, har kl&aelig;&eth;i&eth; longu hongur &ndash; kl&aacute;rt til &Oacute;lavs&oslash;kuna.<\/p>\n<p>&Oslash;ll eru hjartaliga v&aelig;lkomin!<\/p>","excerpt":"<p>Fyri fimtu fer\u00f0 ver\u00f0ur \u00d3lavs\u00f8kukl\u00e6\u00f0i\u00f0 hongd upp \u00ed Havnar kirkju \u2013 og \u00ed \u00e1r bj\u00f3\u00f0a vit \u00f8llum til eitt serligt tiltak, har listin og tilgongdin ver\u00f0a sett \u00ed mi\u00f0depilin.<\/p>","slug":"olavsokuklaedi-listin-og-sogan","image":false,"all_day":false,"start_date":"2025-07-18 20:30:00","start_date_details":{"year":"2025","month":"07","day":"18","hour":"20","minutes":"30","seconds":"00"},"end_date":"2025-07-18 22:00:00","end_date_details":{"year":"2025","month":"07","day":"18","hour":"22","minutes":"00","seconds":"00"},"utc_start_date":"2025-07-18 19:30:00","utc_start_date_details":{"year":"2025","month":"07","day":"18","hour":"19","minutes":"30","seconds":"00"},"utc_end_date":"2025-07-18 21:00:00","utc_end_date_details":{"year":"2025","month":"07","day":"18","hour":"21","minutes":"00","seconds":"00"},"timezone":"Atlantic\/Faroe","timezone_abbr":"","cost":"\u00d3keypis atgongd","cost_details":{"currency_symbol":"","currency_code":"","currency_position":"","values":["okeypis-atgongd"]},"website":"","show_map":true,"show_map_link":true,"hide_from_listings":false,"sticky":false,"featured":false,"categories":[{"name":"T\u00edmin","slug":"timin","term_group":0,"term_taxonomy_id":313,"taxonomy":"tribe_events_cat","description":"","parent":0,"count":3352,"filter":"raw","term_order":"0","id":313,"urls":{"self":"https:\/\/www.visittorshavn.fo\/fo\/wp-json\/tribe\/events\/v1\/categories\/313","collection":"https:\/\/www.visittorshavn.fo\/fo\/wp-json\/tribe\/events\/v1\/categories"}},{"name":"Ymiskt","slug":"ymiskt-fo","term_group":0,"term_taxonomy_id":290,"taxonomy":"tribe_events_cat","description":"","parent":0,"count":646,"filter":"raw","term_order":"0","id":290,"urls":{"self":"https:\/\/www.visittorshavn.fo\/fo\/wp-json\/tribe\/events\/v1\/categories\/290","collection":"https:\/\/www.visittorshavn.fo\/fo\/wp-json\/tribe\/events\/v1\/categories"}}],"tags":[],"venue":[],"organizer":[],"custom_fields":[],"json_ld":{"@context":"http:\/\/schema.org","@type":"Event","name":"\u00d3lavs\u00f8kukl\u00e6\u00f0i &#8211; Listin og s\u00f8gan","description":"&lt;p&gt;Fyri fimtu fer\u00f0 ver\u00f0ur \u00d3lavs\u00f8kukl\u00e6\u00f0i\u00f0 hongd upp \u00ed Havnar kirkju \u2013 og \u00ed \u00e1r bj\u00f3\u00f0a vit \u00f8llum til eitt serligt tiltak, har listin og tilgongdin ver\u00f0a sett \u00ed mi\u00f0depilin.&lt;\/p&gt;\\n","url":"https:\/\/www.visittorshavn.fo\/fo\/event\/olavsokuklaedi-listin-og-sogan\/","eventAttendanceMode":"https:\/\/schema.org\/OfflineEventAttendanceMode","eventStatus":"https:\/\/schema.org\/EventScheduled","startDate":"2025-07-18T20:30:00+01:00","endDate":"2025-07-18T22:00:00+01:00","offers":{"@type":"Offer","price":"\u00d3keypis atgongd","priceCurrency":"USD","url":"https:\/\/www.visittorshavn.fo\/fo\/event\/olavsokuklaedi-listin-og-sogan\/","category":"primary","availability":"inStock","validFrom":"2025-07-16T00:00:00+00:00"},"performer":"Organization"},"is_virtual":false,"virtual_url":null,"virtual_video_source":""}