{"id":266362,"global_id":"www.visittorshavn.fo\/fo\/?id=266362","global_id_lineage":["www.visittorshavn.fo\/fo\/?id=266362"],"author":"1","status":"publish","date":"2026-04-27 10:38:21","date_utc":"2026-04-27 09:38:21","modified":"2026-05-01 21:38:45","modified_utc":"2026-05-01 20:38:45","url":"https:\/\/www.visittorshavn.fo\/fo\/event\/vera-og-anna-maria-i-smidjuni-i-litluvik\/","rest_url":"https:\/\/www.visittorshavn.fo\/fo\/wp-json\/tribe\/events\/v1\/events\/266362","title":"Vera og Anna Maria \u00ed Smi\u00f0juni \u00ed L\u00edtluv\u00edk","description":"<p>Vi&eth; &aacute; frams&yacute;ningini eru listakvinnurnar Vera Bj&oslash;rgvin og Anna Maria Nyby, sum s&yacute;na fram s&iacute;ni fj&oslash;lbroyttu og skapandi verk. &Iacute; verkunum m&oslash;tast litir skap og tilfar &iacute; einum spennandi samsp&aelig;li, har b&aelig;&eth;i myndlist og leirlist f&aacute;a s&iacute;n serliga d&aacute;m.<\/p>\n<p>&Oslash;ll eru hjartaliga v&aelig;lkomin til eina hugnaliga og listarliga l&oslash;tu.<\/p>","excerpt":"<p>Frams\u00fdning av myndlist og leirlist. <\/p>","slug":"vera-og-anna-maria-i-smidjuni-i-litluvik","image":false,"all_day":false,"start_date":"2026-05-01 15:00:00","start_date_details":{"year":"2026","month":"05","day":"01","hour":"15","minutes":"00","seconds":"00"},"end_date":"2026-05-01 19:00:00","end_date_details":{"year":"2026","month":"05","day":"01","hour":"19","minutes":"00","seconds":"00"},"utc_start_date":"2026-05-01 14:00:00","utc_start_date_details":{"year":"2026","month":"05","day":"01","hour":"14","minutes":"00","seconds":"00"},"utc_end_date":"2026-05-01 18:00:00","utc_end_date_details":{"year":"2026","month":"05","day":"01","hour":"18","minutes":"00","seconds":"00"},"timezone":"Atlantic\/Faroe","timezone_abbr":"","cost":"\u00d3keypis atgongd","cost_details":{"currency_symbol":"","currency_code":"","currency_position":"","values":["okeypis-atgongd"]},"website":"","show_map":true,"show_map_link":true,"hide_from_listings":false,"sticky":false,"featured":false,"categories":[{"name":"Frams\u00fdningar","slug":"framsyningar-fo","term_group":0,"term_taxonomy_id":289,"taxonomy":"tribe_events_cat","description":"","parent":0,"count":294,"filter":"raw","term_order":"0","id":289,"urls":{"self":"https:\/\/www.visittorshavn.fo\/fo\/wp-json\/tribe\/events\/v1\/categories\/289","collection":"https:\/\/www.visittorshavn.fo\/fo\/wp-json\/tribe\/events\/v1\/categories"}},{"name":"T\u00edmin","slug":"timin","term_group":0,"term_taxonomy_id":313,"taxonomy":"tribe_events_cat","description":"","parent":0,"count":3353,"filter":"raw","term_order":"0","id":313,"urls":{"self":"https:\/\/www.visittorshavn.fo\/fo\/wp-json\/tribe\/events\/v1\/categories\/313","collection":"https:\/\/www.visittorshavn.fo\/fo\/wp-json\/tribe\/events\/v1\/categories"}}],"tags":[],"venue":[],"organizer":[],"custom_fields":[],"json_ld":{"@context":"http:\/\/schema.org","@type":"Event","name":"Vera og Anna Maria \u00ed Smi\u00f0juni \u00ed L\u00edtluv\u00edk","description":"&lt;p&gt;Frams\u00fdning av myndlist og leirlist. &lt;\/p&gt;\\n","url":"https:\/\/www.visittorshavn.fo\/fo\/event\/vera-og-anna-maria-i-smidjuni-i-litluvik\/","eventAttendanceMode":"https:\/\/schema.org\/OfflineEventAttendanceMode","eventStatus":"https:\/\/schema.org\/EventScheduled","startDate":"2026-05-01T15:00:00+01:00","endDate":"2026-05-01T19:00:00+01:00","offers":{"@type":"Offer","price":"\u00d3keypis atgongd","priceCurrency":"USD","url":"https:\/\/www.visittorshavn.fo\/fo\/event\/vera-og-anna-maria-i-smidjuni-i-litluvik\/","category":"primary","availability":"inStock","validFrom":"2026-04-27T00:00:00+00:00"},"performer":"Organization"},"is_virtual":false,"virtual_url":null,"virtual_video_source":""}