{"id":113795,"date":"2025-06-29T12:41:29","date_gmt":"2025-06-29T11:41:29","guid":{"rendered":"https:\/\/www.visittorshavn.fo\/?p=113795"},"modified":"2026-02-17T13:58:06","modified_gmt":"2026-02-17T13:58:06","slug":"nolsoy","status":"publish","type":"post","link":"https:\/\/www.visittorshavn.fo\/fo\/nolsoy\/","title":{"rendered":"N\u00f3lsoy"},"content":{"rendered":"\n<div class=\"wp-block-cover alignfull\"><span aria-hidden=\"true\" class=\"wp-block-cover__background has-light-green-background-color has-background-dim-100 has-background-dim\"><\/span><div class=\"wp-block-cover__inner-container is-layout-constrained wp-block-cover-is-layout-constrained\">\n<p class=\"has-dark-color has-text-color has-link-color wp-elements-0bd06ab3213e1b75d11007e88f1ee38d\"><strong>N\u00f3lsoy<\/strong>&nbsp;er ein av sm\u00e1u oyggjunum \u00ed F\u00f8royum, 10 km\u00b2 til v\u00edddar, og liggur stutt eystan fyri h\u00f8vu\u00f0ssta\u00f0in. H\u00f3ast N\u00f3lsoy er 371 metrar h\u00f8g, so er hon tann l\u00e6gsta av \u00f8llum 18 oyggjunum \u00ed F\u00f8royum. \u00cd 2004 kom N\u00f3lsoyggin upp\u00ed&nbsp;T\u00f3rshavnar kommunu&nbsp;eftir at hava veri\u00f0 sj\u00e1lvst\u00f8\u00f0ug kommuna. T\u00f3 at eingin b\u00fdr\u00e1\u00f0slimur er n\u00f3lsoyingur er ein f\u00f3lkavald sta\u00f0bundin nevnd manna\u00f0 vi\u00f0 n\u00f3lsoyingum, sum r\u00e1\u00f0gevur b\u00fdr\u00e1\u00f0num \u00ed m\u00e1lum, sum vi\u00f0koma n\u00f3lsoyingum og N\u00f3lsoynni. F\u00f3lkatali\u00f0 \u00ed oynni, t\u00e1 i\u00f0 ta\u00f0 var st\u00f8rst (1970), var um 350. Eftir minking \u00ed n\u00f8kur \u00e1r er \u00e1hugin at flyta til N\u00f3lsoyar vaksin munandi.<\/p>\n\n\n\n<p class=\"has-dark-color has-text-color has-link-color wp-elements-945cfaa6c9eab692978c6b48fedb7900\">\u00c1 eysturs\u00ed\u00f0uni er r\u00edkt fuglal\u00edv. Lundin eigur her \u00ed h\u00f3patali, men ta\u00f0 er ein annar fuglur, sum fuglafr\u00f8\u00f0ingar \u00far \u00f8llum hera\u00f0shornum fer\u00f0ast fyri at s\u00edggja: drunnhv\u00edtin. Heimsins st\u00f8rsta drunnhv\u00edtab\u00f8li er \u00ed N\u00f3lsoy. Drunnhv\u00edtin er \u00e1 flogi allan dagin og leitar eftir f\u00f8\u00f0i, so ta\u00f0 er bert um n\u00e1ttina, at fuglahuga\u00f0 kunnu s\u00edggja hann.<\/p>\n\n\n\n<p class=\"has-dark-color has-text-color has-link-color wp-elements-c6bddcf4e6c5394b29ac1fcb1162bb0e\">\u00cd sanginum hj\u00e1 Hans Andreasi Djurhuus&nbsp;<em>L\u00edti\u00f0 yvir F\u00f8royaland,<\/em>&nbsp;tekur hann solei\u00f0is til:&nbsp;<em>N\u00f3lsoy ryggin \u00far s\u00e6r spennir, stendur stinn \u2013 so long og mj\u00e1, verjir fyri Havnarv\u00e1g<\/em>.<\/p>\n\n\n\n<p class=\"has-dark-color has-text-color has-link-color wp-elements-fb98c464e759d27cce3ab6edd292c0d1\">N\u00f3lsoyingar eru gla\u00f0ir fyri \u00f8ll vitjandi \u00ed oynni og vilja gera teirra besta fyri at t\u00fa skal f\u00e1a eina so g\u00f3\u00f0a uppliving sum til ber. Ta\u00f0 er okkara v\u00f3n at t\u00fa fert v\u00e6l um me\u00f0an t\u00fa ert \u00e1 vitjan.<\/p>\n<\/div><\/div>\n\n\n\n<div style=\"height:100px\" aria-hidden=\"true\" class=\"wp-block-spacer\"><\/div>\n\n\n\n<h3 class=\"wp-block-heading\">Hvat kanst t\u00fa uppliva \u00ed N\u00f3lsoy? Les meira <a href=\"https:\/\/www.visittorshavn.fo\/fo\/um-okkum\/kring-hovudsstadin\/nolsoy\/\">her<\/a><\/h3>\n\n\n\n<div style=\"height:100px\" aria-hidden=\"true\" class=\"wp-block-spacer\"><\/div>\n\n\n\n<div class=\"wp-block-cover alignfull\"><span aria-hidden=\"true\" class=\"wp-block-cover__background has-sunshine-background-color has-background-dim-100 has-background-dim\"><\/span><div class=\"wp-block-cover__inner-container is-layout-constrained wp-block-cover-is-layout-constrained\">\n<h2 class=\"wp-block-heading has-text-align-center has-dark-color has-text-color has-link-color wp-elements-f8368cc190ead861a1ec53700f35a4ce\">N\u00f3lsoyar hei\u00f0ursveggur<\/h2>\n\n\n\n<div style=\"height:25px\" aria-hidden=\"true\" class=\"wp-block-spacer\"><\/div>\n\n\n\n<div id=\"news_block_615b4157b04268911c8039bf4bc3e46a\" class=\"lunnar-news\">\n\n    \n                        <div class=\"news-grid\">\n                                    \n<a href=\"https:\/\/www.visittorshavn.fo\/fo\/ove-joensen\/\" class=\"post-container\">\n    <div class=\"post-content--container no-overlay\">\n        <div class=\"post-action--container\">\n                            <div class=\"action-tag--container\" style=\"background-color: #8FD6DA\">\n                    <small>N\u00f3lsoy<\/small>\n                <\/div>\n            \n            <div class=\"action-icon--container\">\n                <img decoding=\"async\" src=\"https:\/\/www.visittorshavn.fo\/wp-content\/themes\/lunnar-visittorshavn\/images\/icon-arrow.svg\" class=\"injectable\" \/>            <\/div>\n        <\/div>\n\n        <div class=\"post-text--container\">\n            <h3>\n                Ove Joensen            <\/h3>\n\n                            <small>\n                    January 12th 2024                <\/small>\n            \n                            <p>\n                    Ove gj\u00f8rdist kendur v\u00ed\u00f0a um t\u00e1 hann kysti l\u00edtlu havfr\u00fanna hin 11 august 1986 \u00e1 Langelinje \u00ed Keypmannahavn, eftir einsamallur at hava r\u00f3 \u00ed 41 samd\u00f8gur \u00far N\u00f3lsoy&#8230;.                <\/p>\n                    <\/div>\n    <\/div>\n\n    <div class=\"post-image\">\n            <\/div>\n<\/a>                                    \n<a href=\"https:\/\/www.visittorshavn.fo\/fo\/jens-kjeld-jensen\/\" class=\"post-container\">\n    <div class=\"post-content--container\">\n        <div class=\"post-action--container\">\n                            <div class=\"action-tag--container\" style=\"background-color: #8FD6DA\">\n                    <small>N\u00f3lsoy<\/small>\n                <\/div>\n            \n            <div class=\"action-icon--container\">\n                <img decoding=\"async\" src=\"https:\/\/www.visittorshavn.fo\/wp-content\/themes\/lunnar-visittorshavn\/images\/icon-arrow.svg\" class=\"injectable\" \/>            <\/div>\n        <\/div>\n\n        <div class=\"post-text--container\">\n            <h3>\n                Jens Kjeld Jensen            <\/h3>\n\n                            <small>\n                    January 12th 2024                <\/small>\n            \n                            <p>\n                    Jens-Kjeld Jensen&nbsp;er fugla- dj\u00f3ra- skord\u00fdrs- og n\u00e1tt\u00faruserfr\u00f8\u00f0ingur, sum er sj\u00e1lvl\u00e6rdur. Hann er dani, men hevur b\u00fa\u00f0 \u00ed F\u00f8royum s\u00ed\u00f0an 1970, har hann b\u00fdr \u00ed&#038;n&#8230;                <\/p>\n                    <\/div>\n    <\/div>\n\n    <div class=\"post-image\">\n                    <img decoding=\"async\" data-src=\"https:\/\/www.visittorshavn.fo\/wp-content\/smush-webp\/2025\/08\/human240.jpg.webp\" style=\"--smush-image-width: 865px; --smush-image-aspect-ratio: 865\/1286;object-position: 50% 50%;\" width=\"865\" class=\"smush-dimensions lazyload\" src=\"data:image\/svg+xml;base64,PHN2ZyB3aWR0aD0iMSIgaGVpZ2h0PSIxIiB4bWxucz0iaHR0cDovL3d3dy53My5vcmcvMjAwMC9zdmciPjwvc3ZnPg==\" data-srcset=\"https:\/\/www.visittorshavn.fo\/wp-content\/smush-webp\/2025\/08\/human240.jpg.webp 865w, https:\/\/www.visittorshavn.fo\/wp-content\/smush-webp\/2025\/08\/human240-538x800.jpg.webp 538w, https:\/\/www.visittorshavn.fo\/wp-content\/smush-webp\/2025\/08\/human240-807x1200.jpg.webp 807w, https:\/\/www.visittorshavn.fo\/wp-content\/smush-webp\/2025\/08\/human240-768x1142.jpg.webp 768w, https:\/\/www.visittorshavn.fo\/wp-content\/smush-webp\/2025\/08\/human240-600x892.jpg.webp 600w\" data-sizes=\"auto\" data-original-sizes=\"(max-width: 865px) 100vw, 865px\">\n            <\/div>\n<\/a>                                    \n<a href=\"https:\/\/www.visittorshavn.fo\/fo\/steffan-danielsen\/\" class=\"post-container\">\n    <div class=\"post-content--container\">\n        <div class=\"post-action--container\">\n                            <div class=\"action-tag--container\" style=\"background-color: #8FD6DA\">\n                    <small>N\u00f3lsoy<\/small>\n                <\/div>\n            \n            <div class=\"action-icon--container\">\n                <img decoding=\"async\" src=\"https:\/\/www.visittorshavn.fo\/wp-content\/themes\/lunnar-visittorshavn\/images\/icon-arrow.svg\" class=\"injectable\" \/>            <\/div>\n        <\/div>\n\n        <div class=\"post-text--container\">\n            <h3>\n                Steffan Danielsen            <\/h3>\n\n                            <small>\n                    January 12th 2024                <\/small>\n            \n                            <p>\n                    Steffan Danielsen var kendur m\u00e1lari, sum f\u00f8ddist 3. september 1922 \u00ed N\u00f3lsoy og anda\u00f0ist 28. mai 1976.Mong meta Steffan vera tann sermerktasta f\u00f8royska listam\u00e1la&#8230;                <\/p>\n                    <\/div>\n    <\/div>\n\n    <div class=\"post-image\">\n                    <img decoding=\"async\" data-src=\"https:\/\/www.visittorshavn.fo\/wp-content\/smush-webp\/2025\/03\/Steffan-Danielsen_pagepic-450x262-1.jpg.webp\" style=\"--smush-image-width: 450px; --smush-image-aspect-ratio: 450\/262;object-position: 50% 50%;\" width=\"450\" class=\"smush-dimensions lazyload\" src=\"data:image\/svg+xml;base64,PHN2ZyB3aWR0aD0iMSIgaGVpZ2h0PSIxIiB4bWxucz0iaHR0cDovL3d3dy53My5vcmcvMjAwMC9zdmciPjwvc3ZnPg==\">\n            <\/div>\n<\/a>                                    \n<a href=\"https:\/\/www.visittorshavn.fo\/fo\/nolsoyar-pall\/\" class=\"post-container\">\n    <div class=\"post-content--container\">\n        <div class=\"post-action--container\">\n                            <div class=\"action-tag--container\" style=\"background-color: #8FD6DA\">\n                    <small>N\u00f3lsoy<\/small>\n                <\/div>\n            \n            <div class=\"action-icon--container\">\n                <img decoding=\"async\" src=\"https:\/\/www.visittorshavn.fo\/wp-content\/themes\/lunnar-visittorshavn\/images\/icon-arrow.svg\" class=\"injectable\" \/>            <\/div>\n        <\/div>\n\n        <div class=\"post-text--container\">\n            <h3>\n                N\u00f3lsoyar P\u00e1ll            <\/h3>\n\n                            <small>\n                    January 12th 2024                <\/small>\n            \n                            <p>\n                    N\u00f3lsoyar P\u00e1ll bygdi Royndina Fr\u00ed\u00f0u, sum var fyrsta skip, i\u00f0 var bygt \u00ed F\u00f8roym s\u00ed\u00f0ani v\u00edkingat\u00ed\u00f0ina. Hann er kendur fyri s\u00edtt str\u00ed\u00f0 m\u00f3ti einahandlinum og donsku &#8230;                <\/p>\n                    <\/div>\n    <\/div>\n\n    <div class=\"post-image\">\n                    <img decoding=\"async\" data-src=\"https:\/\/www.visittorshavn.fo\/wp-content\/smush-webp\/2025\/03\/nolsoyar-pall-e1741184170795.jpg.webp\" style=\"--smush-image-width: 1442px; --smush-image-aspect-ratio: 1442\/2342;object-position: 50% 50%;\" width=\"1442\" class=\"smush-dimensions lazyload\" src=\"data:image\/svg+xml;base64,PHN2ZyB3aWR0aD0iMSIgaGVpZ2h0PSIxIiB4bWxucz0iaHR0cDovL3d3dy53My5vcmcvMjAwMC9zdmciPjwvc3ZnPg==\" data-srcset=\"https:\/\/www.visittorshavn.fo\/wp-content\/smush-webp\/2025\/03\/nolsoyar-pall-e1741184170795.jpg.webp 1442w, https:\/\/www.visittorshavn.fo\/wp-content\/smush-webp\/2025\/03\/nolsoyar-pall-e1741184170795-493x800.jpg.webp 493w, https:\/\/www.visittorshavn.fo\/wp-content\/smush-webp\/2025\/03\/nolsoyar-pall-e1741184170795-739x1200.jpg.webp 739w, https:\/\/www.visittorshavn.fo\/wp-content\/smush-webp\/2025\/03\/nolsoyar-pall-e1741184170795-768x1247.jpg.webp 768w, https:\/\/www.visittorshavn.fo\/wp-content\/smush-webp\/2025\/03\/nolsoyar-pall-e1741184170795-946x1536.jpg.webp 946w, https:\/\/www.visittorshavn.fo\/wp-content\/smush-webp\/2025\/03\/nolsoyar-pall-e1741184170795-1261x2048.jpg.webp 1261w, https:\/\/www.visittorshavn.fo\/wp-content\/uploads\/2025\/03\/nolsoyar-pall-e1741184170795-1320x2144.jpg 1320w, https:\/\/www.visittorshavn.fo\/wp-content\/smush-webp\/2025\/03\/nolsoyar-pall-e1741184170795-600x974.jpg.webp 600w\" data-sizes=\"auto\" data-original-sizes=\"(max-width: 1442px) 100vw, 1442px\">\n            <\/div>\n<\/a>                            <\/div>\n        \n            <\/div>\n\n\n<div style=\"height:100px\" aria-hidden=\"true\" class=\"wp-block-spacer\"><\/div>\n<\/div><\/div>\n\n\n\n<div style=\"height:200px\" aria-hidden=\"true\" class=\"wp-block-spacer\"><\/div>\n","protected":false},"excerpt":{"rendered":"<p>Hvat kanst t\u00fa uppliva \u00ed N\u00f3lsoy? Les meira her<\/p>\n","protected":false},"author":4,"featured_media":1889,"comment_status":"closed","ping_status":"closed","sticky":false,"template":"","format":"standard","meta":{"_acf_changed":false,"footnotes":""},"categories":[24,203],"tags":[71],"class_list":["post-113795","post","type-post","status-publish","format-standard","has-post-thumbnail","hentry","category-oflokkad","category-stad","tag-upplivingar"],"acf":[],"yoast_head":"<!-- This site is optimized with the Yoast SEO plugin v27.5 - https:\/\/yoast.com\/product\/yoast-seo-wordpress\/ -->\n<title>N\u00f3lsoy - Visit Torshavn<\/title>\n<meta name=\"robots\" content=\"index, follow, max-snippet:-1, max-image-preview:large, max-video-preview:-1\" \/>\n<link rel=\"canonical\" href=\"https:\/\/www.visittorshavn.fo\/fo\/nolsoy\/\" \/>\n<meta property=\"og:locale\" content=\"fo_FO\" \/>\n<meta property=\"og:type\" content=\"article\" \/>\n<meta property=\"og:title\" content=\"N\u00f3lsoy - Visit Torshavn\" \/>\n<meta property=\"og:description\" content=\"Hvat kanst t\u00fa uppliva \u00ed N\u00f3lsoy? Les meira her\" \/>\n<meta property=\"og:url\" content=\"https:\/\/www.visittorshavn.fo\/fo\/nolsoy\/\" \/>\n<meta property=\"og:site_name\" content=\"Visit Torshavn\" \/>\n<meta property=\"article:published_time\" content=\"2025-06-29T11:41:29+00:00\" \/>\n<meta property=\"article:modified_time\" content=\"2026-02-17T13:58:06+00:00\" \/>\n<meta property=\"og:image\" content=\"https:\/\/www.visittorshavn.fo\/wp-content\/uploads\/2024\/03\/nlsoy-scaled_full.jpg\" \/>\n\t<meta property=\"og:image:width\" content=\"1920\" \/>\n\t<meta property=\"og:image:height\" content=\"1272\" \/>\n\t<meta property=\"og:image:type\" content=\"image\/jpeg\" \/>\n<meta name=\"author\" content=\"Aviaja Josenius\" \/>\n<meta name=\"twitter:card\" content=\"summary_large_image\" \/>\n<meta name=\"twitter:label1\" content=\"Written by\" \/>\n\t<meta name=\"twitter:data1\" content=\"Aviaja Josenius\" \/>\n\t<meta name=\"twitter:label2\" content=\"Est. reading time\" \/>\n\t<meta name=\"twitter:data2\" content=\"2 minutes\" \/>\n<script type=\"application\/ld+json\" class=\"yoast-schema-graph\">{\"@context\":\"https:\\\/\\\/schema.org\",\"@graph\":[{\"@type\":\"Article\",\"@id\":\"https:\\\/\\\/www.visittorshavn.fo\\\/fo\\\/nolsoy\\\/#article\",\"isPartOf\":{\"@id\":\"https:\\\/\\\/www.visittorshavn.fo\\\/fo\\\/nolsoy\\\/\"},\"author\":{\"name\":\"Aviaja Josenius\",\"@id\":\"https:\\\/\\\/www.visittorshavn.fo\\\/fo\\\/#\\\/schema\\\/person\\\/9969b2eee5114d7b25623b576c4e7664\"},\"headline\":\"N\u00f3lsoy\",\"datePublished\":\"2025-06-29T11:41:29+00:00\",\"dateModified\":\"2026-02-17T13:58:06+00:00\",\"mainEntityOfPage\":{\"@id\":\"https:\\\/\\\/www.visittorshavn.fo\\\/fo\\\/nolsoy\\\/\"},\"wordCount\":281,\"image\":{\"@id\":\"https:\\\/\\\/www.visittorshavn.fo\\\/fo\\\/nolsoy\\\/#primaryimage\"},\"thumbnailUrl\":\"https:\\\/\\\/www.visittorshavn.fo\\\/wp-content\\\/uploads\\\/2024\\\/03\\\/nlsoy-scaled_full.jpg\",\"keywords\":[\"Upplivingar\"],\"articleSection\":[\"\u00d3flokka\u00f0\",\"Sta\u00f0\"],\"inLanguage\":\"fo-FO\"},{\"@type\":\"WebPage\",\"@id\":\"https:\\\/\\\/www.visittorshavn.fo\\\/fo\\\/nolsoy\\\/\",\"url\":\"https:\\\/\\\/www.visittorshavn.fo\\\/fo\\\/nolsoy\\\/\",\"name\":\"N\u00f3lsoy - Visit Torshavn\",\"isPartOf\":{\"@id\":\"https:\\\/\\\/www.visittorshavn.fo\\\/fo\\\/#website\"},\"primaryImageOfPage\":{\"@id\":\"https:\\\/\\\/www.visittorshavn.fo\\\/fo\\\/nolsoy\\\/#primaryimage\"},\"image\":{\"@id\":\"https:\\\/\\\/www.visittorshavn.fo\\\/fo\\\/nolsoy\\\/#primaryimage\"},\"thumbnailUrl\":\"https:\\\/\\\/www.visittorshavn.fo\\\/wp-content\\\/uploads\\\/2024\\\/03\\\/nlsoy-scaled_full.jpg\",\"datePublished\":\"2025-06-29T11:41:29+00:00\",\"dateModified\":\"2026-02-17T13:58:06+00:00\",\"author\":{\"@id\":\"https:\\\/\\\/www.visittorshavn.fo\\\/fo\\\/#\\\/schema\\\/person\\\/9969b2eee5114d7b25623b576c4e7664\"},\"breadcrumb\":{\"@id\":\"https:\\\/\\\/www.visittorshavn.fo\\\/fo\\\/nolsoy\\\/#breadcrumb\"},\"inLanguage\":\"fo-FO\",\"potentialAction\":[{\"@type\":\"ReadAction\",\"target\":[\"https:\\\/\\\/www.visittorshavn.fo\\\/fo\\\/nolsoy\\\/\"]}]},{\"@type\":\"ImageObject\",\"inLanguage\":\"fo-FO\",\"@id\":\"https:\\\/\\\/www.visittorshavn.fo\\\/fo\\\/nolsoy\\\/#primaryimage\",\"url\":\"https:\\\/\\\/www.visittorshavn.fo\\\/wp-content\\\/uploads\\\/2024\\\/03\\\/nlsoy-scaled_full.jpg\",\"contentUrl\":\"https:\\\/\\\/www.visittorshavn.fo\\\/wp-content\\\/uploads\\\/2024\\\/03\\\/nlsoy-scaled_full.jpg\",\"width\":1920,\"height\":1272},{\"@type\":\"BreadcrumbList\",\"@id\":\"https:\\\/\\\/www.visittorshavn.fo\\\/fo\\\/nolsoy\\\/#breadcrumb\",\"itemListElement\":[{\"@type\":\"ListItem\",\"position\":1,\"name\":\"Home\",\"item\":\"https:\\\/\\\/www.visittorshavn.fo\\\/fo\\\/\"},{\"@type\":\"ListItem\",\"position\":2,\"name\":\"N\u00f3lsoy\"}]},{\"@type\":\"WebSite\",\"@id\":\"https:\\\/\\\/www.visittorshavn.fo\\\/fo\\\/#website\",\"url\":\"https:\\\/\\\/www.visittorshavn.fo\\\/fo\\\/\",\"name\":\"Visit Torshavn\",\"description\":\"\",\"potentialAction\":[{\"@type\":\"SearchAction\",\"target\":{\"@type\":\"EntryPoint\",\"urlTemplate\":\"https:\\\/\\\/www.visittorshavn.fo\\\/fo\\\/?s={search_term_string}\"},\"query-input\":{\"@type\":\"PropertyValueSpecification\",\"valueRequired\":true,\"valueName\":\"search_term_string\"}}],\"inLanguage\":\"fo-FO\"},{\"@type\":\"Person\",\"@id\":\"https:\\\/\\\/www.visittorshavn.fo\\\/fo\\\/#\\\/schema\\\/person\\\/9969b2eee5114d7b25623b576c4e7664\",\"name\":\"Aviaja Josenius\",\"image\":{\"@type\":\"ImageObject\",\"inLanguage\":\"fo-FO\",\"@id\":\"https:\\\/\\\/secure.gravatar.com\\\/avatar\\\/08ed4d5142774b077d1065835ed50e10ce2d2de4131dc7073e7ad39c56d1c58e?s=96&d=mm&r=g\",\"url\":\"https:\\\/\\\/secure.gravatar.com\\\/avatar\\\/08ed4d5142774b077d1065835ed50e10ce2d2de4131dc7073e7ad39c56d1c58e?s=96&d=mm&r=g\",\"contentUrl\":\"https:\\\/\\\/secure.gravatar.com\\\/avatar\\\/08ed4d5142774b077d1065835ed50e10ce2d2de4131dc7073e7ad39c56d1c58e?s=96&d=mm&r=g\",\"caption\":\"Aviaja Josenius\"},\"url\":\"https:\\\/\\\/www.visittorshavn.fo\\\/fo\\\/author\\\/avi\\\/\"}]}<\/script>\n<!-- \/ Yoast SEO plugin. -->","yoast_head_json":{"title":"N\u00f3lsoy - Visit Torshavn","robots":{"index":"index","follow":"follow","max-snippet":"max-snippet:-1","max-image-preview":"max-image-preview:large","max-video-preview":"max-video-preview:-1"},"canonical":"https:\/\/www.visittorshavn.fo\/fo\/nolsoy\/","og_locale":"fo_FO","og_type":"article","og_title":"N\u00f3lsoy - Visit Torshavn","og_description":"Hvat kanst t\u00fa uppliva \u00ed N\u00f3lsoy? Les meira her","og_url":"https:\/\/www.visittorshavn.fo\/fo\/nolsoy\/","og_site_name":"Visit Torshavn","article_published_time":"2025-06-29T11:41:29+00:00","article_modified_time":"2026-02-17T13:58:06+00:00","og_image":[{"width":1920,"height":1272,"url":"https:\/\/www.visittorshavn.fo\/wp-content\/uploads\/2024\/03\/nlsoy-scaled_full.jpg","type":"image\/jpeg"}],"author":"Aviaja Josenius","twitter_card":"summary_large_image","twitter_misc":{"Written by":"Aviaja Josenius","Est. reading time":"2 minutes"},"schema":{"@context":"https:\/\/schema.org","@graph":[{"@type":"Article","@id":"https:\/\/www.visittorshavn.fo\/fo\/nolsoy\/#article","isPartOf":{"@id":"https:\/\/www.visittorshavn.fo\/fo\/nolsoy\/"},"author":{"name":"Aviaja Josenius","@id":"https:\/\/www.visittorshavn.fo\/fo\/#\/schema\/person\/9969b2eee5114d7b25623b576c4e7664"},"headline":"N\u00f3lsoy","datePublished":"2025-06-29T11:41:29+00:00","dateModified":"2026-02-17T13:58:06+00:00","mainEntityOfPage":{"@id":"https:\/\/www.visittorshavn.fo\/fo\/nolsoy\/"},"wordCount":281,"image":{"@id":"https:\/\/www.visittorshavn.fo\/fo\/nolsoy\/#primaryimage"},"thumbnailUrl":"https:\/\/www.visittorshavn.fo\/wp-content\/uploads\/2024\/03\/nlsoy-scaled_full.jpg","keywords":["Upplivingar"],"articleSection":["\u00d3flokka\u00f0","Sta\u00f0"],"inLanguage":"fo-FO"},{"@type":"WebPage","@id":"https:\/\/www.visittorshavn.fo\/fo\/nolsoy\/","url":"https:\/\/www.visittorshavn.fo\/fo\/nolsoy\/","name":"N\u00f3lsoy - Visit Torshavn","isPartOf":{"@id":"https:\/\/www.visittorshavn.fo\/fo\/#website"},"primaryImageOfPage":{"@id":"https:\/\/www.visittorshavn.fo\/fo\/nolsoy\/#primaryimage"},"image":{"@id":"https:\/\/www.visittorshavn.fo\/fo\/nolsoy\/#primaryimage"},"thumbnailUrl":"https:\/\/www.visittorshavn.fo\/wp-content\/uploads\/2024\/03\/nlsoy-scaled_full.jpg","datePublished":"2025-06-29T11:41:29+00:00","dateModified":"2026-02-17T13:58:06+00:00","author":{"@id":"https:\/\/www.visittorshavn.fo\/fo\/#\/schema\/person\/9969b2eee5114d7b25623b576c4e7664"},"breadcrumb":{"@id":"https:\/\/www.visittorshavn.fo\/fo\/nolsoy\/#breadcrumb"},"inLanguage":"fo-FO","potentialAction":[{"@type":"ReadAction","target":["https:\/\/www.visittorshavn.fo\/fo\/nolsoy\/"]}]},{"@type":"ImageObject","inLanguage":"fo-FO","@id":"https:\/\/www.visittorshavn.fo\/fo\/nolsoy\/#primaryimage","url":"https:\/\/www.visittorshavn.fo\/wp-content\/uploads\/2024\/03\/nlsoy-scaled_full.jpg","contentUrl":"https:\/\/www.visittorshavn.fo\/wp-content\/uploads\/2024\/03\/nlsoy-scaled_full.jpg","width":1920,"height":1272},{"@type":"BreadcrumbList","@id":"https:\/\/www.visittorshavn.fo\/fo\/nolsoy\/#breadcrumb","itemListElement":[{"@type":"ListItem","position":1,"name":"Home","item":"https:\/\/www.visittorshavn.fo\/fo\/"},{"@type":"ListItem","position":2,"name":"N\u00f3lsoy"}]},{"@type":"WebSite","@id":"https:\/\/www.visittorshavn.fo\/fo\/#website","url":"https:\/\/www.visittorshavn.fo\/fo\/","name":"Visit Torshavn","description":"","potentialAction":[{"@type":"SearchAction","target":{"@type":"EntryPoint","urlTemplate":"https:\/\/www.visittorshavn.fo\/fo\/?s={search_term_string}"},"query-input":{"@type":"PropertyValueSpecification","valueRequired":true,"valueName":"search_term_string"}}],"inLanguage":"fo-FO"},{"@type":"Person","@id":"https:\/\/www.visittorshavn.fo\/fo\/#\/schema\/person\/9969b2eee5114d7b25623b576c4e7664","name":"Aviaja Josenius","image":{"@type":"ImageObject","inLanguage":"fo-FO","@id":"https:\/\/secure.gravatar.com\/avatar\/08ed4d5142774b077d1065835ed50e10ce2d2de4131dc7073e7ad39c56d1c58e?s=96&d=mm&r=g","url":"https:\/\/secure.gravatar.com\/avatar\/08ed4d5142774b077d1065835ed50e10ce2d2de4131dc7073e7ad39c56d1c58e?s=96&d=mm&r=g","contentUrl":"https:\/\/secure.gravatar.com\/avatar\/08ed4d5142774b077d1065835ed50e10ce2d2de4131dc7073e7ad39c56d1c58e?s=96&d=mm&r=g","caption":"Aviaja Josenius"},"url":"https:\/\/www.visittorshavn.fo\/fo\/author\/avi\/"}]}},"_links":{"self":[{"href":"https:\/\/www.visittorshavn.fo\/fo\/wp-json\/wp\/v2\/posts\/113795","targetHints":{"allow":["GET"]}}],"collection":[{"href":"https:\/\/www.visittorshavn.fo\/fo\/wp-json\/wp\/v2\/posts"}],"about":[{"href":"https:\/\/www.visittorshavn.fo\/fo\/wp-json\/wp\/v2\/types\/post"}],"author":[{"embeddable":true,"href":"https:\/\/www.visittorshavn.fo\/fo\/wp-json\/wp\/v2\/users\/4"}],"replies":[{"embeddable":true,"href":"https:\/\/www.visittorshavn.fo\/fo\/wp-json\/wp\/v2\/comments?post=113795"}],"version-history":[{"count":0,"href":"https:\/\/www.visittorshavn.fo\/fo\/wp-json\/wp\/v2\/posts\/113795\/revisions"}],"wp:featuredmedia":[{"embeddable":true,"href":"https:\/\/www.visittorshavn.fo\/fo\/wp-json\/wp\/v2\/media\/1889"}],"wp:attachment":[{"href":"https:\/\/www.visittorshavn.fo\/fo\/wp-json\/wp\/v2\/media?parent=113795"}],"wp:term":[{"taxonomy":"category","embeddable":true,"href":"https:\/\/www.visittorshavn.fo\/fo\/wp-json\/wp\/v2\/categories?post=113795"},{"taxonomy":"post_tag","embeddable":true,"href":"https:\/\/www.visittorshavn.fo\/fo\/wp-json\/wp\/v2\/tags?post=113795"}],"curies":[{"name":"wp","href":"https:\/\/api.w.org\/{rel}","templated":true}]}}