{"id":14156,"date":"2025-09-01T10:14:04","date_gmt":"2025-09-01T09:14:04","guid":{"rendered":"https:\/\/www.visittorshavn.fo\/?p=14156"},"modified":"2026-02-18T15:17:57","modified_gmt":"2026-02-18T15:17:57","slug":"havnin-a-heysti","status":"publish","type":"post","link":"https:\/\/www.visittorshavn.fo\/fo\/havnin-a-heysti\/","title":{"rendered":"Havnin ein regn fagran dag"},"content":{"rendered":"\n<div style=\"height:55px\" aria-hidden=\"true\" class=\"wp-block-spacer\"><\/div>\n\n\n\n<h4 class=\"wp-block-heading\"><strong>Hugskot til ein hugnaligan regndag \u00ed Havn<\/strong><\/h4>\n\n\n\n<p>Fyri at siga ta\u00f0 sum ta\u00f0 er&#8230; Ve\u00f0ri\u00f0 \u00ed Havn er ikki alt\u00ed\u00f0 av t\u00ed besta, men ta\u00f0 er ein partur av t\u00ed, sum ger ein t\u00far til Havnar (og kanska eisini F\u00f8royar) serligan \u2013 t\u00fa veitst ongant\u00ed\u00f0 heilt, hvat ve\u00f0ri\u00f0 fer at gera. T\u00ed hava vit gj\u00f8rt eina lei\u00f0beining, sum kann geva \u00edbl\u00e1stur til hvat Havnin n\u00fa hevur at bj\u00f3\u00f0a, t\u00e1 ta\u00f0 bara oysur ni\u00f0ur.<\/p>\n\n\n\n<p>Hetta er nokk besta ve\u00f0ri\u00f0, at sita \u00e1 eini kafe, kanska ein hevur stokkarnir vi\u00f0 ella eina spennandi b\u00f3k. Eisini ber til at nj\u00f3ta ein kopp av onkrum heitum, me\u00f0an ein tekur s\u00e6r av l\u00f8ttum.<\/p>\n\n\n\n<p>Hug at seta fer\u00f0ina eitt sindur upp? So hevur Havnin eina \u00f8rgrynnu av handlum, vi\u00f0 st\u00f3rum \u00farvali\u00f0.<\/p>\n\n\n\n<p class=\"has-black-300-color has-text-color has-link-color has-small-font-size wp-elements-c02f3dacde5c127950aa2556a900a781\"><em>Mynd: Jonas Rudolph \/ Visit Faroe Islands<\/em>.<\/p>\n\n\n\n<div style=\"height:40px\" aria-hidden=\"true\" class=\"wp-block-spacer\"><\/div>\n\n\n\n<div class=\"wp-block-cover alignfull is-light\" style=\"min-height:429px;aspect-ratio:unset;\"><span aria-hidden=\"true\" class=\"wp-block-cover__background has-white-background-color has-background-dim-100 has-background-dim\"><\/span><div class=\"wp-block-cover__inner-container is-layout-constrained wp-block-cover-is-layout-constrained\">\n<div class=\"wp-block-cover aligncenter\"><img decoding=\"async\" width=\"1200\" height=\"960\" class=\"wp-block-cover__image-background wp-image-124887 lazyload\" alt=\"\" data-src=\"https:\/\/www.visittorshavn.fo\/wp-content\/smush-webp\/2025\/06\/AURAMYNDIR-VT_Mentanarnatt2025-20250606_203718-1200x960.jpg.webp\" data-object-fit=\"cover\" data-srcset=\"https:\/\/www.visittorshavn.fo\/wp-content\/smush-webp\/2025\/06\/AURAMYNDIR-VT_Mentanarnatt2025-20250606_203718-1200x960.jpg.webp 1200w, https:\/\/www.visittorshavn.fo\/wp-content\/smush-webp\/2025\/06\/AURAMYNDIR-VT_Mentanarnatt2025-20250606_203718-800x640.jpg.webp 800w, https:\/\/www.visittorshavn.fo\/wp-content\/smush-webp\/2025\/06\/AURAMYNDIR-VT_Mentanarnatt2025-20250606_203718-768x614.jpg.webp 768w, https:\/\/www.visittorshavn.fo\/wp-content\/smush-webp\/2025\/06\/AURAMYNDIR-VT_Mentanarnatt2025-20250606_203718-1536x1229.jpg.webp 1536w, https:\/\/www.visittorshavn.fo\/wp-content\/smush-webp\/2025\/06\/AURAMYNDIR-VT_Mentanarnatt2025-20250606_203718-2048x1638.jpg.webp 2048w, https:\/\/www.visittorshavn.fo\/wp-content\/smush-webp\/2025\/06\/AURAMYNDIR-VT_Mentanarnatt2025-20250606_203718-1320x1056.jpg.webp 1320w, https:\/\/www.visittorshavn.fo\/wp-content\/smush-webp\/2025\/06\/AURAMYNDIR-VT_Mentanarnatt2025-20250606_203718-600x480.jpg.webp 600w\" data-sizes=\"auto\" src=\"data:image\/svg+xml;base64,PHN2ZyB3aWR0aD0iMSIgaGVpZ2h0PSIxIiB4bWxucz0iaHR0cDovL3d3dy53My5vcmcvMjAwMC9zdmciPjwvc3ZnPg==\" style=\"--smush-placeholder-width: 1200px; --smush-placeholder-aspect-ratio: 1200\/960;\" data-original-sizes=\"(max-width: 1200px) 100vw, 1200px\" \/><span aria-hidden=\"true\" class=\"wp-block-cover__background has-background-dim\"><\/span><div class=\"wp-block-cover__inner-container is-layout-flow wp-block-cover-is-layout-flow\">\n<h2 class=\"wp-block-heading has-text-align-center has-white-color has-text-color has-link-color has-large-font-size wp-elements-464d4a54056361a394eca482bef16cf4\"><a href=\"https:\/\/www.visittorshavn.fo\/fo\/sjopping\/\">Sjopping<\/a><\/h2>\n<\/div><\/div>\n<\/div><\/div>\n\n\n\n<div style=\"height:40px\" aria-hidden=\"true\" class=\"wp-block-spacer\"><\/div>\n\n\n\n<p>Um t\u00fa hevur hug, at l\u00e6ra eitt sindur meira um okkara mentan, hv\u00ed ikki ein t\u00far \u00e1 Listasavn F\u00f8roya ella Tj\u00f3\u00f0savni\u00f0. <\/p>\n\n\n\n<p>Ella er t\u00f8rvur \u00e1 v\u00e6lveru? Ress Spa hevur hylar, sauna og massagu &#8211; akkur\u00e1t ta\u00f0 man hevur br\u00fak fyri ein regndag.<\/p>\n\n\n\n<div style=\"height:20px\" aria-hidden=\"true\" class=\"wp-block-spacer\"><\/div>\n\n\n\n<div class=\"wp-block-cover alignfull is-light\"><span aria-hidden=\"true\" class=\"wp-block-cover__background has-white-background-color has-background-dim-100 has-background-dim\"><\/span><div class=\"wp-block-cover__inner-container is-layout-constrained wp-block-cover-is-layout-constrained\">\n<div id=\"shortcuts_block_b8262180a2d5a474b316188d2d2a0fdb\" class=\"lunnar-shortcuts\">\n    \n                        <div class=\"shortcuts-swiper\">\n            \n            \n                            <div class=\"swiper-wrapper\">\n                \n                \n                                                                <a href=\"https:\/\/www.visittorshavn.fo\/fo\/place\/listasavn-foroya\/\" target=\"\" class=\"shortcut-card swiper-slide small-card is-visible\">\n                            <div class=\"shortcut-card--image\">\n                                                                    <img decoding=\"async\" data-src=\"https:\/\/www.visittorshavn.fo\/wp-content\/smush-webp\/2024\/04\/nationalgalleryofthefaroeislandslistasavnfoeroya3-scaled-1.jpg.webp\" width=\"600\" height=\"30.7503% 54.8750%\" style=\"--smush-placeholder-width: 2560px; --smush-placeholder-aspect-ratio: 2560\/1920;object-position:800;\" src=\"data:image\/svg+xml;base64,PHN2ZyB3aWR0aD0iMSIgaGVpZ2h0PSIxIiB4bWxucz0iaHR0cDovL3d3dy53My5vcmcvMjAwMC9zdmciPjwvc3ZnPg==\" class=\"lazyload\" data-srcset=\"https:\/\/www.visittorshavn.fo\/wp-content\/smush-webp\/2024\/04\/nationalgalleryofthefaroeislandslistasavnfoeroya3-scaled-1.jpg.webp 2560w, https:\/\/www.visittorshavn.fo\/wp-content\/smush-webp\/2024\/04\/nationalgalleryofthefaroeislandslistasavnfoeroya3-scaled-1-800x600.jpg.webp 800w, https:\/\/www.visittorshavn.fo\/wp-content\/uploads\/2024\/04\/nationalgalleryofthefaroeislandslistasavnfoeroya3-scaled-1-1200x900.jpg 1200w, https:\/\/www.visittorshavn.fo\/wp-content\/smush-webp\/2024\/04\/nationalgalleryofthefaroeislandslistasavnfoeroya3-scaled-1-768x576.jpg.webp 768w, https:\/\/www.visittorshavn.fo\/wp-content\/smush-webp\/2024\/04\/nationalgalleryofthefaroeislandslistasavnfoeroya3-scaled-1-1536x1152.jpg.webp 1536w, https:\/\/www.visittorshavn.fo\/wp-content\/smush-webp\/2024\/04\/nationalgalleryofthefaroeislandslistasavnfoeroya3-scaled-1-2048x1536.jpg.webp 2048w, https:\/\/www.visittorshavn.fo\/wp-content\/uploads\/2024\/04\/nationalgalleryofthefaroeislandslistasavnfoeroya3-scaled-1-1320x990.jpg 1320w, https:\/\/www.visittorshavn.fo\/wp-content\/smush-webp\/2024\/04\/nationalgalleryofthefaroeislandslistasavnfoeroya3-scaled-1-600x450.jpg.webp 600w\" data-sizes=\"auto\" data-original-sizes=\"(max-width: 600px) 100vw, 600px\">\n                                                            <\/div>\n\n                            <div class=\"shortcut-card--content\">\n                                <div class=\"shortcut-icon--top\">\n                                    <img decoding=\"async\" src=\"https:\/\/www.visittorshavn.fo\/wp-content\/themes\/lunnar-visittorshavn\/images\/icon-arrow.svg\" class=\"injectable\" \/>                                <\/div>\n\n                                \n                                <div class=\"shortcut-text\">\n                                                                            <h3>\n                                            Listasavn F\u00f8roya                                        <\/h3>\n                                    \n                                                                    <\/div>\n                            <\/div>\n                        <\/a>\n                                            <a href=\"https:\/\/www.visittorshavn.fo\/place\/the-national-museum\/\" target=\"\" class=\"shortcut-card swiper-slide small-card is-visible\">\n                            <div class=\"shortcut-card--image\">\n                                                                    <img decoding=\"async\" data-src=\"https:\/\/www.visittorshavn.fo\/wp-content\/smush-webp\/2025\/09\/FAROE-093.jpg.webp\" width=\"533\" height=\"50% 50%\" style=\"--smush-placeholder-width: 2560px; --smush-placeholder-aspect-ratio: 2560\/1707;object-position:800;\" src=\"data:image\/svg+xml;base64,PHN2ZyB3aWR0aD0iMSIgaGVpZ2h0PSIxIiB4bWxucz0iaHR0cDovL3d3dy53My5vcmcvMjAwMC9zdmciPjwvc3ZnPg==\" class=\"lazyload\" data-srcset=\"https:\/\/www.visittorshavn.fo\/wp-content\/smush-webp\/2025\/09\/FAROE-093.jpg.webp 2560w, https:\/\/www.visittorshavn.fo\/wp-content\/smush-webp\/2025\/09\/FAROE-093-800x533.jpg.webp 800w, https:\/\/www.visittorshavn.fo\/wp-content\/smush-webp\/2025\/09\/FAROE-093-1200x800.jpg.webp 1200w, https:\/\/www.visittorshavn.fo\/wp-content\/smush-webp\/2025\/09\/FAROE-093-768x512.jpg.webp 768w, https:\/\/www.visittorshavn.fo\/wp-content\/smush-webp\/2025\/09\/FAROE-093-1536x1024.jpg.webp 1536w, https:\/\/www.visittorshavn.fo\/wp-content\/smush-webp\/2025\/09\/FAROE-093-2048x1366.jpg.webp 2048w, https:\/\/www.visittorshavn.fo\/wp-content\/smush-webp\/2025\/09\/FAROE-093-1320x880.jpg.webp 1320w, https:\/\/www.visittorshavn.fo\/wp-content\/smush-webp\/2025\/09\/FAROE-093-600x400.jpg.webp 600w\" data-sizes=\"auto\" data-original-sizes=\"(max-width: 533px) 100vw, 533px\">\n                                                            <\/div>\n\n                            <div class=\"shortcut-card--content\">\n                                <div class=\"shortcut-icon--top\">\n                                    <img decoding=\"async\" src=\"https:\/\/www.visittorshavn.fo\/wp-content\/themes\/lunnar-visittorshavn\/images\/icon-arrow.svg\" class=\"injectable\" \/>                                <\/div>\n\n                                \n                                <div class=\"shortcut-text\">\n                                                                            <h3>\n                                            Tj\u00f3\u00f0savni\u00f0                                        <\/h3>\n                                    \n                                                                            <p>\n                                            Photo: Paul Brechu \/ Visit Faroe Islands                                        <\/p>\n                                                                    <\/div>\n                            <\/div>\n                        <\/a>\n                                            <a href=\"https:\/\/www.visittorshavn.fo\/place\/ress-spa\/\" target=\"\" class=\"shortcut-card swiper-slide small-card is-visible\">\n                            <div class=\"shortcut-card--image\">\n                                                                    <img decoding=\"async\" data-src=\"https:\/\/www.visittorshavn.fo\/wp-content\/smush-webp\/2025\/08\/DSCF9785beinta-a-torkilsheyggi.jpg.webp\" width=\"611\" height=\"50% 50%\" style=\"--smush-placeholder-width: 2560px; --smush-placeholder-aspect-ratio: 2560\/1954;object-position:800;\" src=\"data:image\/svg+xml;base64,PHN2ZyB3aWR0aD0iMSIgaGVpZ2h0PSIxIiB4bWxucz0iaHR0cDovL3d3dy53My5vcmcvMjAwMC9zdmciPjwvc3ZnPg==\" class=\"lazyload\" data-srcset=\"https:\/\/www.visittorshavn.fo\/wp-content\/smush-webp\/2025\/08\/DSCF9785beinta-a-torkilsheyggi.jpg.webp 2560w, https:\/\/www.visittorshavn.fo\/wp-content\/smush-webp\/2025\/08\/DSCF9785beinta-a-torkilsheyggi-800x611.jpg.webp 800w, https:\/\/www.visittorshavn.fo\/wp-content\/smush-webp\/2025\/08\/DSCF9785beinta-a-torkilsheyggi-1200x916.jpg.webp 1200w, https:\/\/www.visittorshavn.fo\/wp-content\/smush-webp\/2025\/08\/DSCF9785beinta-a-torkilsheyggi-768x586.jpg.webp 768w, https:\/\/www.visittorshavn.fo\/wp-content\/smush-webp\/2025\/08\/DSCF9785beinta-a-torkilsheyggi-1536x1172.jpg.webp 1536w, https:\/\/www.visittorshavn.fo\/wp-content\/smush-webp\/2025\/08\/DSCF9785beinta-a-torkilsheyggi-2048x1563.jpg.webp 2048w, https:\/\/www.visittorshavn.fo\/wp-content\/uploads\/2025\/08\/DSCF9785beinta-a-torkilsheyggi-1320x1008.jpg 1320w, https:\/\/www.visittorshavn.fo\/wp-content\/smush-webp\/2025\/08\/DSCF9785beinta-a-torkilsheyggi-600x458.jpg.webp 600w\" data-sizes=\"auto\" data-original-sizes=\"(max-width: 611px) 100vw, 611px\">\n                                                            <\/div>\n\n                            <div class=\"shortcut-card--content\">\n                                <div class=\"shortcut-icon--top\">\n                                    <img decoding=\"async\" src=\"https:\/\/www.visittorshavn.fo\/wp-content\/themes\/lunnar-visittorshavn\/images\/icon-arrow.svg\" class=\"injectable\" \/>                                <\/div>\n\n                                \n                                <div class=\"shortcut-text\">\n                                                                            <h3>\n                                            Ress Spa                                        <\/h3>\n                                    \n                                                                    <\/div>\n                            <\/div>\n                        <\/a>\n                                    \n                \n                                <\/div>\n\n                            <\/div>\n            <\/div>\n\n\n<div style=\"height:50px\" aria-hidden=\"true\" class=\"wp-block-spacer\"><\/div>\n<\/div><\/div>\n\n\n\n<div class=\"wp-block-cover alignfull\"><span aria-hidden=\"true\" class=\"wp-block-cover__background has-roseship-background-color has-background-dim-100 has-background-dim\"><\/span><div class=\"wp-block-cover__inner-container is-layout-constrained wp-block-cover-is-layout-constrained\">\n<div style=\"height:60px\" aria-hidden=\"true\" class=\"wp-block-spacer\"><\/div>\n\n\n\n<h2 class=\"wp-block-heading\">Kafet\u00far?<\/h2>\n\n\n\n<p>F\u00e1 \u00edbl\u00e1stur til hv\u00f8rja kafe t\u00fa vil vitja &#8211; her er okkurt lekkurt til hv\u00f8nn g\u00f3ma.<\/p>\n\n\n\n<div id=\"locations_block_33d93a1aa4dc3f0570efe6d1e12d239b\" class=\"lunnar-locations\">\n    \n            \n        <div class=\"locations-container\">\n            <div class=\"locations-card--container per-row-4\">\n                                    \n<a href=\"https:\/\/www.visittorshavn.fo\/fo\/place\/brell-cafe\/\" class=\"place-card category-food-drinks  tag-forkelilsi tag-kaffihus-bakari\">\n    <div class=\"place-card--image\">\n        <div class=\"place-card--image-inner\">\n                            <img decoding=\"async\" data-src=\"https:\/\/www.visittorshavn.fo\/wp-content\/smush-webp\/2024\/03\/brell-cafe_full-1.jpg.webp\" width=\"800\" height=\"533\" style=\"--smush-placeholder-width: 800px; --smush-placeholder-aspect-ratio: 800\/533;object-position: 50% 50%;\" src=\"data:image\/svg+xml;base64,PHN2ZyB3aWR0aD0iMSIgaGVpZ2h0PSIxIiB4bWxucz0iaHR0cDovL3d3dy53My5vcmcvMjAwMC9zdmciPjwvc3ZnPg==\" class=\"lazyload\" data-srcset=\"https:\/\/www.visittorshavn.fo\/wp-content\/smush-webp\/2024\/03\/brell-cafe_full-1.jpg.webp 1920w, https:\/\/www.visittorshavn.fo\/wp-content\/smush-webp\/2024\/03\/brell-cafe_full-1-800x533.jpg.webp 800w, https:\/\/www.visittorshavn.fo\/wp-content\/uploads\/2024\/03\/brell-cafe_full-1-1200x800.jpg 1200w, https:\/\/www.visittorshavn.fo\/wp-content\/smush-webp\/2024\/03\/brell-cafe_full-1-768x512.jpg.webp 768w, https:\/\/www.visittorshavn.fo\/wp-content\/smush-webp\/2024\/03\/brell-cafe_full-1-1536x1024.jpg.webp 1536w, https:\/\/www.visittorshavn.fo\/wp-content\/uploads\/2024\/03\/brell-cafe_full-1-1320x880.jpg 1320w, https:\/\/www.visittorshavn.fo\/wp-content\/smush-webp\/2024\/03\/brell-cafe_full-1-600x400.jpg.webp 600w\" data-sizes=\"auto\" data-original-sizes=\"(max-width: 800px) 100vw, 800px\">\n                    <\/div>\n    <\/div>\n\n    <div class=\"place-card--content\">\n        <div class=\"place-card--text\">\n            <h4>Brell Caf\u00e9<\/h4>\n\n                            <p>Hj\u00e1 Brell hava tey brent kaffi s\u00ed\u00f0an 2006 Har er caf\u00e9, handil og k&#8230;<\/p>\n                    <\/div>\n\n        <div class=\"place-card--bottom\">\n                            <div class=\"place-card--icons\">\n                                                                        \n                            <img decoding=\"async\" data-src=\"https:\/\/www.visittorshavn.fo\/wp-content\/smush-webp\/2024\/04\/food_drink-dark.png.webp\" width=\"32\" height=\"32\" src=\"data:image\/svg+xml;base64,PHN2ZyB3aWR0aD0iMSIgaGVpZ2h0PSIxIiB4bWxucz0iaHR0cDovL3d3dy53My5vcmcvMjAwMC9zdmciPjwvc3ZnPg==\" class=\"lazyload\" style=\"--smush-placeholder-width: 32px; --smush-placeholder-aspect-ratio: 32\/32;\">\n                                                            <\/div>\n            \n                    <\/div>\n    <\/div>\n<\/a>                                    \n<a href=\"https:\/\/www.visittorshavn.fo\/fo\/place\/gomagott\/\" class=\"place-card category-food-drinks  tag-bronsj tag-forkelilsi tag-kaffihus-bakari\">\n    <div class=\"place-card--image\">\n        <div class=\"place-card--image-inner\">\n                            <img decoding=\"async\" data-src=\"https:\/\/www.visittorshavn.fo\/wp-content\/smush-webp\/2024\/03\/4k4a1955_full-1.jpg.webp\" width=\"800\" height=\"533\" style=\"--smush-placeholder-width: 800px; --smush-placeholder-aspect-ratio: 800\/533;object-position: 50% 50%;\" src=\"data:image\/svg+xml;base64,PHN2ZyB3aWR0aD0iMSIgaGVpZ2h0PSIxIiB4bWxucz0iaHR0cDovL3d3dy53My5vcmcvMjAwMC9zdmciPjwvc3ZnPg==\" class=\"lazyload\" data-srcset=\"https:\/\/www.visittorshavn.fo\/wp-content\/smush-webp\/2024\/03\/4k4a1955_full-1.jpg.webp 1920w, https:\/\/www.visittorshavn.fo\/wp-content\/smush-webp\/2024\/03\/4k4a1955_full-1-800x533.jpg.webp 800w, https:\/\/www.visittorshavn.fo\/wp-content\/uploads\/2024\/03\/4k4a1955_full-1-1200x799.jpg 1200w, https:\/\/www.visittorshavn.fo\/wp-content\/smush-webp\/2024\/03\/4k4a1955_full-1-768x512.jpg.webp 768w, https:\/\/www.visittorshavn.fo\/wp-content\/smush-webp\/2024\/03\/4k4a1955_full-1-1536x1023.jpg.webp 1536w, https:\/\/www.visittorshavn.fo\/wp-content\/uploads\/2024\/03\/4k4a1955_full-1-1320x879.jpg 1320w, https:\/\/www.visittorshavn.fo\/wp-content\/smush-webp\/2024\/03\/4k4a1955_full-1-600x400.jpg.webp 600w\" data-sizes=\"auto\" data-original-sizes=\"(max-width: 800px) 100vw, 800px\">\n                    <\/div>\n    <\/div>\n\n    <div class=\"place-card--content\">\n        <div class=\"place-card--text\">\n            <h4>G\u00f3magott<\/h4>\n\n                            <p>G\u00d3\u00d0SKA, FYRST OG FREMST Vit royna ikki at bl\u00edva ver\u00f0ins st\u00f8rst \u2013 b&#8230;<\/p>\n                    <\/div>\n\n        <div class=\"place-card--bottom\">\n                            <div class=\"place-card--icons\">\n                                                                        \n                            <img decoding=\"async\" data-src=\"https:\/\/www.visittorshavn.fo\/wp-content\/smush-webp\/2024\/04\/food_drink-dark.png.webp\" width=\"32\" height=\"32\" src=\"data:image\/svg+xml;base64,PHN2ZyB3aWR0aD0iMSIgaGVpZ2h0PSIxIiB4bWxucz0iaHR0cDovL3d3dy53My5vcmcvMjAwMC9zdmciPjwvc3ZnPg==\" class=\"lazyload\" style=\"--smush-placeholder-width: 32px; --smush-placeholder-aspect-ratio: 32\/32;\">\n                                                            <\/div>\n            \n                    <\/div>\n    <\/div>\n<\/a>                                    \n<a href=\"https:\/\/www.visittorshavn.fo\/fo\/place\/kafe-kaspar\/\" class=\"place-card category-food-drinks category-nightlife  tag-bronsj tag-kaffihus-bakari tag-nattarliv tag-plantu-grundad\">\n    <div class=\"place-card--image\">\n        <div class=\"place-card--image-inner\">\n                            <img decoding=\"async\" data-src=\"https:\/\/www.visittorshavn.fo\/wp-content\/smush-webp\/2024\/03\/kaspar-20_full-1.jpg.webp\" width=\"800\" height=\"534\" style=\"--smush-placeholder-width: 800px; --smush-placeholder-aspect-ratio: 800\/534;object-position: 50% 50%;\" src=\"data:image\/svg+xml;base64,PHN2ZyB3aWR0aD0iMSIgaGVpZ2h0PSIxIiB4bWxucz0iaHR0cDovL3d3dy53My5vcmcvMjAwMC9zdmciPjwvc3ZnPg==\" class=\"lazyload\" data-srcset=\"https:\/\/www.visittorshavn.fo\/wp-content\/smush-webp\/2024\/03\/kaspar-20_full-1.jpg.webp 1920w, https:\/\/www.visittorshavn.fo\/wp-content\/smush-webp\/2024\/03\/kaspar-20_full-1-800x534.jpg.webp 800w, https:\/\/www.visittorshavn.fo\/wp-content\/uploads\/2024\/03\/kaspar-20_full-1-1200x801.jpg 1200w, https:\/\/www.visittorshavn.fo\/wp-content\/smush-webp\/2024\/03\/kaspar-20_full-1-768x512.jpg.webp 768w, https:\/\/www.visittorshavn.fo\/wp-content\/smush-webp\/2024\/03\/kaspar-20_full-1-1536x1025.jpg.webp 1536w, https:\/\/www.visittorshavn.fo\/wp-content\/uploads\/2024\/03\/kaspar-20_full-1-1320x881.jpg 1320w, https:\/\/www.visittorshavn.fo\/wp-content\/smush-webp\/2024\/03\/kaspar-20_full-1-600x400.jpg.webp 600w\" data-sizes=\"auto\" data-original-sizes=\"(max-width: 800px) 100vw, 800px\">\n                    <\/div>\n    <\/div>\n\n    <div class=\"place-card--content\">\n        <div class=\"place-card--text\">\n            <h4>Kafe Kaspar<\/h4>\n\n                            <p>\u00c1 kafe Kaspar f\u00e6r t\u00fa l\u00e6ttar r\u00e6ttir, eitt n\u00fa club sandwich, salat, &#8230;<\/p>\n                    <\/div>\n\n        <div class=\"place-card--bottom\">\n                            <div class=\"place-card--icons\">\n                                                                        \n                            <img decoding=\"async\" data-src=\"https:\/\/www.visittorshavn.fo\/wp-content\/smush-webp\/2024\/04\/food_drink-dark.png.webp\" width=\"32\" height=\"32\" src=\"data:image\/svg+xml;base64,PHN2ZyB3aWR0aD0iMSIgaGVpZ2h0PSIxIiB4bWxucz0iaHR0cDovL3d3dy53My5vcmcvMjAwMC9zdmciPjwvc3ZnPg==\" class=\"lazyload\" style=\"--smush-placeholder-width: 32px; --smush-placeholder-aspect-ratio: 32\/32;\">\n                                                                                                \n                            <img decoding=\"async\" data-src=\"https:\/\/www.visittorshavn.fo\/wp-content\/smush-webp\/2024\/04\/nightlife-dark.png.webp\" width=\"32\" height=\"32\" src=\"data:image\/svg+xml;base64,PHN2ZyB3aWR0aD0iMSIgaGVpZ2h0PSIxIiB4bWxucz0iaHR0cDovL3d3dy53My5vcmcvMjAwMC9zdmciPjwvc3ZnPg==\" class=\"lazyload\" style=\"--smush-placeholder-width: 32px; --smush-placeholder-aspect-ratio: 32\/32;\">\n                                                            <\/div>\n            \n                    <\/div>\n    <\/div>\n<\/a>                                    \n<a href=\"https:\/\/www.visittorshavn.fo\/fo\/place\/kafe-umami\/\" class=\"place-card category-food-drinks  tag-bronsj tag-kaffihus-bakari tag-plantu-grundad\">\n    <div class=\"place-card--image\">\n        <div class=\"place-card--image-inner\">\n                            <img decoding=\"async\" data-src=\"https:\/\/www.visittorshavn.fo\/wp-content\/smush-webp\/2024\/03\/1april19-pf9a4503_full-1.jpg.webp\" width=\"800\" height=\"533\" style=\"--smush-placeholder-width: 800px; --smush-placeholder-aspect-ratio: 800\/533;object-position: 50% 50%;\" src=\"data:image\/svg+xml;base64,PHN2ZyB3aWR0aD0iMSIgaGVpZ2h0PSIxIiB4bWxucz0iaHR0cDovL3d3dy53My5vcmcvMjAwMC9zdmciPjwvc3ZnPg==\" class=\"lazyload\" data-srcset=\"https:\/\/www.visittorshavn.fo\/wp-content\/smush-webp\/2024\/03\/1april19-pf9a4503_full-1.jpg.webp 1920w, https:\/\/www.visittorshavn.fo\/wp-content\/smush-webp\/2024\/03\/1april19-pf9a4503_full-1-800x533.jpg.webp 800w, https:\/\/www.visittorshavn.fo\/wp-content\/uploads\/2024\/03\/1april19-pf9a4503_full-1-1200x799.jpg 1200w, https:\/\/www.visittorshavn.fo\/wp-content\/smush-webp\/2024\/03\/1april19-pf9a4503_full-1-768x512.jpg.webp 768w, https:\/\/www.visittorshavn.fo\/wp-content\/smush-webp\/2024\/03\/1april19-pf9a4503_full-1-1536x1023.jpg.webp 1536w, https:\/\/www.visittorshavn.fo\/wp-content\/uploads\/2024\/03\/1april19-pf9a4503_full-1-1320x879.jpg 1320w, https:\/\/www.visittorshavn.fo\/wp-content\/smush-webp\/2024\/03\/1april19-pf9a4503_full-1-600x400.jpg.webp 600w\" data-sizes=\"auto\" data-original-sizes=\"(max-width: 800px) 100vw, 800px\">\n                    <\/div>\n    <\/div>\n\n    <div class=\"place-card--content\">\n        <div class=\"place-card--text\">\n            <h4>Kafe Umami<\/h4>\n\n                            <p>Kafe Umami er ein hugnalig kafe, sum er sta\u00f0sett \u00e1 bryggjuni. Um s&#8230;<\/p>\n                    <\/div>\n\n        <div class=\"place-card--bottom\">\n                            <div class=\"place-card--icons\">\n                                                                        \n                            <img decoding=\"async\" data-src=\"https:\/\/www.visittorshavn.fo\/wp-content\/smush-webp\/2024\/04\/food_drink-dark.png.webp\" width=\"32\" height=\"32\" src=\"data:image\/svg+xml;base64,PHN2ZyB3aWR0aD0iMSIgaGVpZ2h0PSIxIiB4bWxucz0iaHR0cDovL3d3dy53My5vcmcvMjAwMC9zdmciPjwvc3ZnPg==\" class=\"lazyload\" style=\"--smush-placeholder-width: 32px; --smush-placeholder-aspect-ratio: 32\/32;\">\n                                                            <\/div>\n            \n                    <\/div>\n    <\/div>\n<\/a>                                    \n<a href=\"https:\/\/www.visittorshavn.fo\/fo\/place\/kaffihusid\/\" class=\"place-card category-food-drinks  tag-bronsj tag-kaffihus-bakari tag-plantu-grundad\">\n    <div class=\"place-card--image\">\n        <div class=\"place-card--image-inner\">\n                            <img decoding=\"async\" data-src=\"https:\/\/www.visittorshavn.fo\/wp-content\/smush-webp\/2024\/03\/kaffihusid_1_full-1.jpg.webp\" width=\"800\" height=\"533\" style=\"--smush-placeholder-width: 800px; --smush-placeholder-aspect-ratio: 800\/533;object-position: 50% 50%;\" src=\"data:image\/svg+xml;base64,PHN2ZyB3aWR0aD0iMSIgaGVpZ2h0PSIxIiB4bWxucz0iaHR0cDovL3d3dy53My5vcmcvMjAwMC9zdmciPjwvc3ZnPg==\" class=\"lazyload\" data-srcset=\"https:\/\/www.visittorshavn.fo\/wp-content\/smush-webp\/2024\/03\/kaffihusid_1_full-1.jpg.webp 1920w, https:\/\/www.visittorshavn.fo\/wp-content\/smush-webp\/2024\/03\/kaffihusid_1_full-1-800x533.jpg.webp 800w, https:\/\/www.visittorshavn.fo\/wp-content\/uploads\/2024\/03\/kaffihusid_1_full-1-1200x800.jpg 1200w, https:\/\/www.visittorshavn.fo\/wp-content\/smush-webp\/2024\/03\/kaffihusid_1_full-1-768x512.jpg.webp 768w, https:\/\/www.visittorshavn.fo\/wp-content\/smush-webp\/2024\/03\/kaffihusid_1_full-1-1536x1024.jpg.webp 1536w, https:\/\/www.visittorshavn.fo\/wp-content\/uploads\/2024\/03\/kaffihusid_1_full-1-1320x880.jpg 1320w, https:\/\/www.visittorshavn.fo\/wp-content\/smush-webp\/2024\/03\/kaffihusid_1_full-1-600x400.jpg.webp 600w\" data-sizes=\"auto\" data-original-sizes=\"(max-width: 800px) 100vw, 800px\">\n                    <\/div>\n    <\/div>\n\n    <div class=\"place-card--content\">\n        <div class=\"place-card--text\">\n            <h4>Kaffih\u00fasi\u00f0<\/h4>\n\n                            <p>\u00cd hugnaligum og v\u00f8krum umhv\u00f8rvi, bj\u00f3\u00f0a vit dygdarg\u00f3\u00f0ar v\u00f8rur, fri\u00f0&#8230;<\/p>\n                    <\/div>\n\n        <div class=\"place-card--bottom\">\n                            <div class=\"place-card--icons\">\n                                                                        \n                            <img decoding=\"async\" data-src=\"https:\/\/www.visittorshavn.fo\/wp-content\/smush-webp\/2024\/04\/food_drink-dark.png.webp\" width=\"32\" height=\"32\" src=\"data:image\/svg+xml;base64,PHN2ZyB3aWR0aD0iMSIgaGVpZ2h0PSIxIiB4bWxucz0iaHR0cDovL3d3dy53My5vcmcvMjAwMC9zdmciPjwvc3ZnPg==\" class=\"lazyload\" style=\"--smush-placeholder-width: 32px; --smush-placeholder-aspect-ratio: 32\/32;\">\n                                                            <\/div>\n            \n                    <\/div>\n    <\/div>\n<\/a>                                    \n<a href=\"https:\/\/www.visittorshavn.fo\/fo\/place\/matstovan-moss\/\" class=\"place-card category-food-drinks  tag-kaffihus-bakari tag-oformligt-gourmet\">\n    <div class=\"place-card--image\">\n        <div class=\"place-card--image-inner\">\n                            <img decoding=\"async\" data-src=\"https:\/\/www.visittorshavn.fo\/wp-content\/smush-webp\/2025\/04\/Moss.png.webp\" width=\"800\" height=\"514\" style=\"--smush-placeholder-width: 800px; --smush-placeholder-aspect-ratio: 800\/514;object-position: 50% 50%;\" src=\"data:image\/svg+xml;base64,PHN2ZyB3aWR0aD0iMSIgaGVpZ2h0PSIxIiB4bWxucz0iaHR0cDovL3d3dy53My5vcmcvMjAwMC9zdmciPjwvc3ZnPg==\" class=\"lazyload\" data-srcset=\"https:\/\/www.visittorshavn.fo\/wp-content\/smush-webp\/2025\/04\/Moss.png.webp 2750w, https:\/\/www.visittorshavn.fo\/wp-content\/smush-webp\/2025\/04\/Moss-800x514.png.webp 800w, https:\/\/www.visittorshavn.fo\/wp-content\/smush-webp\/2025\/04\/Moss-1200x771.png.webp 1200w, https:\/\/www.visittorshavn.fo\/wp-content\/smush-webp\/2025\/04\/Moss-768x494.png.webp 768w, https:\/\/www.visittorshavn.fo\/wp-content\/smush-webp\/2025\/04\/Moss-1536x988.png.webp 1536w, https:\/\/www.visittorshavn.fo\/wp-content\/smush-webp\/2025\/04\/Moss-2048x1317.png.webp 2048w, https:\/\/www.visittorshavn.fo\/wp-content\/smush-webp\/2025\/04\/Moss-600x386.png.webp 600w\" data-sizes=\"auto\" data-original-sizes=\"(max-width: 800px) 100vw, 800px\">\n                    <\/div>\n    <\/div>\n\n    <div class=\"place-card--content\">\n        <div class=\"place-card--text\">\n            <h4>Matstovan MOSS<\/h4>\n\n                            <p>St\u00f8kk inn \u00e1 g\u00f3lvi\u00f0 og nj\u00f3t fr\u00edskan heimagj\u00f8rdan bakstur til morgun&#8230;<\/p>\n                    <\/div>\n\n        <div class=\"place-card--bottom\">\n                            <div class=\"place-card--icons\">\n                                                                        \n                            <img decoding=\"async\" data-src=\"https:\/\/www.visittorshavn.fo\/wp-content\/smush-webp\/2024\/04\/food_drink-dark.png.webp\" width=\"32\" height=\"32\" src=\"data:image\/svg+xml;base64,PHN2ZyB3aWR0aD0iMSIgaGVpZ2h0PSIxIiB4bWxucz0iaHR0cDovL3d3dy53My5vcmcvMjAwMC9zdmciPjwvc3ZnPg==\" class=\"lazyload\" style=\"--smush-placeholder-width: 32px; --smush-placeholder-aspect-ratio: 32\/32;\">\n                                                            <\/div>\n            \n                    <\/div>\n    <\/div>\n<\/a>                                    \n<a href=\"https:\/\/www.visittorshavn.fo\/fo\/place\/paname-cafe\/\" class=\"place-card category-food-drinks  tag-bronsj tag-kaffihus-bakari tag-plantu-grundad\">\n    <div class=\"place-card--image\">\n        <div class=\"place-card--image-inner\">\n                            <img decoding=\"async\" data-src=\"https:\/\/www.visittorshavn.fo\/wp-content\/smush-webp\/2024\/03\/panamebar_full-1.jpg.webp\" width=\"600\" height=\"800\" style=\"--smush-placeholder-width: 600px; --smush-placeholder-aspect-ratio: 600\/800;object-position: 50% 50%;\" src=\"data:image\/svg+xml;base64,PHN2ZyB3aWR0aD0iMSIgaGVpZ2h0PSIxIiB4bWxucz0iaHR0cDovL3d3dy53My5vcmcvMjAwMC9zdmciPjwvc3ZnPg==\" class=\"lazyload\" data-srcset=\"https:\/\/www.visittorshavn.fo\/wp-content\/smush-webp\/2024\/03\/panamebar_full-1.jpg.webp 1920w, https:\/\/www.visittorshavn.fo\/wp-content\/smush-webp\/2024\/03\/panamebar_full-1-600x800.jpg.webp 600w, https:\/\/www.visittorshavn.fo\/wp-content\/uploads\/2024\/03\/panamebar_full-1-900x1200.jpg 900w, https:\/\/www.visittorshavn.fo\/wp-content\/smush-webp\/2024\/03\/panamebar_full-1-768x1024.jpg.webp 768w, https:\/\/www.visittorshavn.fo\/wp-content\/smush-webp\/2024\/03\/panamebar_full-1-1152x1536.jpg.webp 1152w, https:\/\/www.visittorshavn.fo\/wp-content\/smush-webp\/2024\/03\/panamebar_full-1-1536x2048.jpg.webp 1536w, https:\/\/www.visittorshavn.fo\/wp-content\/uploads\/2024\/03\/panamebar_full-1-1320x1760.jpg 1320w\" data-sizes=\"auto\" data-original-sizes=\"(max-width: 600px) 100vw, 600px\">\n                    <\/div>\n    <\/div>\n\n    <div class=\"place-card--content\">\n        <div class=\"place-card--text\">\n            <h4>Paname Caf\u00e9<\/h4>\n\n                            <p>Heimagj\u00f8rdur matur \u00ed s\u00f8guligum umhv\u00f8rvi \u00ed mi\u00f0b\u00fdnum. Her er gott vi&#8230;<\/p>\n                    <\/div>\n\n        <div class=\"place-card--bottom\">\n                            <div class=\"place-card--icons\">\n                                                                        \n                            <img decoding=\"async\" data-src=\"https:\/\/www.visittorshavn.fo\/wp-content\/smush-webp\/2024\/04\/food_drink-dark.png.webp\" width=\"32\" height=\"32\" src=\"data:image\/svg+xml;base64,PHN2ZyB3aWR0aD0iMSIgaGVpZ2h0PSIxIiB4bWxucz0iaHR0cDovL3d3dy53My5vcmcvMjAwMC9zdmciPjwvc3ZnPg==\" class=\"lazyload\" style=\"--smush-placeholder-width: 32px; --smush-placeholder-aspect-ratio: 32\/32;\">\n                                                            <\/div>\n            \n                    <\/div>\n    <\/div>\n<\/a>                                    \n<a href=\"https:\/\/www.visittorshavn.fo\/fo\/place\/tita\/\" class=\"place-card category-food-drinks  tag-cafe-bakeries tag-casual-dining tag-food tag-plant-based\">\n    <div class=\"place-card--image\">\n        <div class=\"place-card--image-inner\">\n                            <img decoding=\"async\" data-src=\"https:\/\/www.visittorshavn.fo\/wp-content\/smush-webp\/2026\/02\/Tita.jpg.webp\" width=\"800\" height=\"800\" style=\"--smush-placeholder-width: 800px; --smush-placeholder-aspect-ratio: 800\/800;object-position: 50% 50%;\" src=\"data:image\/svg+xml;base64,PHN2ZyB3aWR0aD0iMSIgaGVpZ2h0PSIxIiB4bWxucz0iaHR0cDovL3d3dy53My5vcmcvMjAwMC9zdmciPjwvc3ZnPg==\" class=\"lazyload\" data-srcset=\"https:\/\/www.visittorshavn.fo\/wp-content\/smush-webp\/2026\/02\/Tita.jpg.webp 1081w, https:\/\/www.visittorshavn.fo\/wp-content\/smush-webp\/2026\/02\/Tita-800x800.jpg.webp 800w, https:\/\/www.visittorshavn.fo\/wp-content\/smush-webp\/2026\/02\/Tita-300x300.jpg.webp 300w, https:\/\/www.visittorshavn.fo\/wp-content\/smush-webp\/2026\/02\/Tita-768x768.jpg.webp 768w, https:\/\/www.visittorshavn.fo\/wp-content\/smush-webp\/2026\/02\/Tita-600x600.jpg.webp 600w, https:\/\/www.visittorshavn.fo\/wp-content\/smush-webp\/2026\/02\/Tita-100x100.jpg.webp 100w\" data-sizes=\"auto\" data-original-sizes=\"(max-width: 800px) 100vw, 800px\">\n                    <\/div>\n    <\/div>\n\n    <div class=\"place-card--content\">\n        <div class=\"place-card--text\">\n            <h4>Tita<\/h4>\n\n                            <p>Tita eitur matsta\u00f0i\u00f0 \u00ed Nor\u00f0urlandah\u00fasinum. Vit bor\u00f0rei\u00f0a vi\u00f0 morgu&#8230;<\/p>\n                    <\/div>\n\n        <div class=\"place-card--bottom\">\n                            <div class=\"place-card--icons\">\n                                                                        \n                            <img decoding=\"async\" data-src=\"https:\/\/www.visittorshavn.fo\/wp-content\/smush-webp\/2024\/04\/food_drink-dark.png.webp\" width=\"32\" height=\"32\" src=\"data:image\/svg+xml;base64,PHN2ZyB3aWR0aD0iMSIgaGVpZ2h0PSIxIiB4bWxucz0iaHR0cDovL3d3dy53My5vcmcvMjAwMC9zdmciPjwvc3ZnPg==\" class=\"lazyload\" style=\"--smush-placeholder-width: 32px; --smush-placeholder-aspect-ratio: 32\/32;\">\n                                                            <\/div>\n            \n                    <\/div>\n    <\/div>\n<\/a>                            <\/div>\n\n\n                    <\/div>\n    <\/div>\n\n\n<div style=\"height:60px\" aria-hidden=\"true\" class=\"wp-block-spacer\"><\/div>\n<\/div><\/div>\n\n\n\n<div class=\"wp-block-cover alignfull\"><span aria-hidden=\"true\" class=\"wp-block-cover__background has-cyan-background-color has-background-dim-100 has-background-dim\"><\/span><div class=\"wp-block-cover__inner-container is-layout-constrained wp-block-cover-is-layout-constrained\">\n<div style=\"height:100px\" aria-hidden=\"true\" class=\"wp-block-spacer\"><\/div>\n\n\n\n<h3 class=\"wp-block-heading\">Onki eitur ringt ve\u00f0ur &#8211; bara skeiv kl\u00e6\u00f0ir<\/h3>\n\n\n\n<p>Manglar t\u00fa ein g\u00f3\u00f0an regnjakka ella n\u00fdggjar gummistivlar? Ta\u00f0 kunnu vit hj\u00e1lpa vi\u00f0 &#8211; hygg bert eftir kortinum.<\/p>\n\n\n\n<div id=\"locations_block_5a39a0171cb138d7fc7b432104463883\" class=\"lunnar-locations alignwide\">\n    \n            \n        <div class=\"locations-container show-map\">\n            <div class=\"locations-card--container per-row-\">\n                                    \n<a href=\"https:\/\/www.visittorshavn.fo\/fo\/place\/jogvan-weihe\/\" class=\"place-card category-shopping  tag-itrottur-utiliv tag-livstilur\">\n    <div class=\"place-card--image\">\n        <div class=\"place-card--image-inner\">\n                            <img decoding=\"async\" data-src=\"https:\/\/www.visittorshavn.fo\/wp-content\/smush-webp\/2024\/03\/paramo-clothing-and-accessories-mobile_0_full-1.jpg.webp\" width=\"800\" height=\"800\" style=\"--smush-placeholder-width: 800px; --smush-placeholder-aspect-ratio: 800\/800;object-position: 50% 50%;\" src=\"data:image\/svg+xml;base64,PHN2ZyB3aWR0aD0iMSIgaGVpZ2h0PSIxIiB4bWxucz0iaHR0cDovL3d3dy53My5vcmcvMjAwMC9zdmciPjwvc3ZnPg==\" class=\"lazyload\" data-srcset=\"https:\/\/www.visittorshavn.fo\/wp-content\/smush-webp\/2024\/03\/paramo-clothing-and-accessories-mobile_0_full-1.jpg.webp 1920w, https:\/\/www.visittorshavn.fo\/wp-content\/smush-webp\/2024\/03\/paramo-clothing-and-accessories-mobile_0_full-1-800x800.jpg.webp 800w, https:\/\/www.visittorshavn.fo\/wp-content\/uploads\/2024\/03\/paramo-clothing-and-accessories-mobile_0_full-1-1200x1200.jpg 1200w, https:\/\/www.visittorshavn.fo\/wp-content\/smush-webp\/2024\/03\/paramo-clothing-and-accessories-mobile_0_full-1-300x300.jpg.webp 300w, https:\/\/www.visittorshavn.fo\/wp-content\/smush-webp\/2024\/03\/paramo-clothing-and-accessories-mobile_0_full-1-768x768.jpg.webp 768w, https:\/\/www.visittorshavn.fo\/wp-content\/smush-webp\/2024\/03\/paramo-clothing-and-accessories-mobile_0_full-1-1536x1536.jpg.webp 1536w, https:\/\/www.visittorshavn.fo\/wp-content\/uploads\/2024\/03\/paramo-clothing-and-accessories-mobile_0_full-1-1320x1320.jpg 1320w, https:\/\/www.visittorshavn.fo\/wp-content\/smush-webp\/2024\/03\/paramo-clothing-and-accessories-mobile_0_full-1-600x600.jpg.webp 600w, https:\/\/www.visittorshavn.fo\/wp-content\/smush-webp\/2024\/03\/paramo-clothing-and-accessories-mobile_0_full-1-100x100.jpg.webp 100w\" data-sizes=\"auto\" data-original-sizes=\"(max-width: 800px) 100vw, 800px\">\n                    <\/div>\n    <\/div>\n\n    <div class=\"place-card--content\">\n        <div class=\"place-card--text\">\n            <h4>J\u00f3gvan Weihe<\/h4>\n\n                            <p>Hj\u00e1 J\u00f3gvan Weihe f\u00e6r man alt til \u00fatil\u00edvi\u00f0, b\u00e6\u00f0i til vaksin og b\u00f8rn&#8230;<\/p>\n                    <\/div>\n\n        <div class=\"place-card--bottom\">\n                            <div class=\"place-card--icons\">\n                                                                        \n                            <img decoding=\"async\" data-src=\"https:\/\/www.visittorshavn.fo\/wp-content\/smush-webp\/2024\/04\/shopping-dark.png.webp\" width=\"32\" height=\"32\" src=\"data:image\/svg+xml;base64,PHN2ZyB3aWR0aD0iMSIgaGVpZ2h0PSIxIiB4bWxucz0iaHR0cDovL3d3dy53My5vcmcvMjAwMC9zdmciPjwvc3ZnPg==\" class=\"lazyload\" style=\"--smush-placeholder-width: 32px; --smush-placeholder-aspect-ratio: 32\/32;\">\n                                                            <\/div>\n            \n                    <\/div>\n    <\/div>\n<\/a>                                    \n<a href=\"https:\/\/www.visittorshavn.fo\/fo\/place\/intersport\/\" class=\"place-card category-shopping  tag-itrottur-utiliv tag-livstilur\">\n    <div class=\"place-card--image\">\n        <div class=\"place-card--image-inner\">\n                            <img decoding=\"async\" data-src=\"https:\/\/www.visittorshavn.fo\/wp-content\/smush-webp\/2024\/03\/intersport_full-1.jpg.webp\" width=\"800\" height=\"304\" style=\"--smush-placeholder-width: 800px; --smush-placeholder-aspect-ratio: 800\/304;object-position: 50% 50%;\" src=\"data:image\/svg+xml;base64,PHN2ZyB3aWR0aD0iMSIgaGVpZ2h0PSIxIiB4bWxucz0iaHR0cDovL3d3dy53My5vcmcvMjAwMC9zdmciPjwvc3ZnPg==\" class=\"lazyload\" data-srcset=\"https:\/\/www.visittorshavn.fo\/wp-content\/smush-webp\/2024\/03\/intersport_full-1.jpg.webp 1920w, https:\/\/www.visittorshavn.fo\/wp-content\/smush-webp\/2024\/03\/intersport_full-1-800x304.jpg.webp 800w, https:\/\/www.visittorshavn.fo\/wp-content\/uploads\/2024\/03\/intersport_full-1-1200x456.jpg 1200w, https:\/\/www.visittorshavn.fo\/wp-content\/smush-webp\/2024\/03\/intersport_full-1-768x292.jpg.webp 768w, https:\/\/www.visittorshavn.fo\/wp-content\/smush-webp\/2024\/03\/intersport_full-1-1536x583.jpg.webp 1536w, https:\/\/www.visittorshavn.fo\/wp-content\/uploads\/2024\/03\/intersport_full-1-1320x501.jpg 1320w, https:\/\/www.visittorshavn.fo\/wp-content\/smush-webp\/2024\/03\/intersport_full-1-600x228.jpg.webp 600w\" data-sizes=\"auto\" data-original-sizes=\"(max-width: 800px) 100vw, 800px\">\n                    <\/div>\n    <\/div>\n\n    <div class=\"place-card--content\">\n        <div class=\"place-card--text\">\n            <h4>Intersport<\/h4>\n\n                            <p>Hj\u00e1 Intersport hava vit alt innan \u00edtr\u00f3ttar \u00fatger\u00f0. Vit hava merkir&#8230;<\/p>\n                    <\/div>\n\n        <div class=\"place-card--bottom\">\n                            <div class=\"place-card--icons\">\n                                                                        \n                            <img decoding=\"async\" data-src=\"https:\/\/www.visittorshavn.fo\/wp-content\/smush-webp\/2024\/04\/shopping-dark.png.webp\" width=\"32\" height=\"32\" src=\"data:image\/svg+xml;base64,PHN2ZyB3aWR0aD0iMSIgaGVpZ2h0PSIxIiB4bWxucz0iaHR0cDovL3d3dy53My5vcmcvMjAwMC9zdmciPjwvc3ZnPg==\" class=\"lazyload\" style=\"--smush-placeholder-width: 32px; --smush-placeholder-aspect-ratio: 32\/32;\">\n                                                            <\/div>\n            \n                    <\/div>\n    <\/div>\n<\/a>                            <\/div>\n\n\n                                                <div class=\"acf-map\" data-zoom=\"16\">\n                                                                                    <div class=\"marker\" data-lat=\"61.99890900\" data-lng=\"-6.79787400\">\n                                    <h5>J\u00f3gvan Weihe<\/h5>\n\n                                    <p><em>Sti\u00f0jag\u00f8ta 10<\/em><\/p>\n                                <\/div>\n                                                                                                                <div class=\"marker\" data-lat=\"62.0192725\" data-lng=\"-6.7678825\">\n                                    <h5>Intersport<\/h5>\n\n                                    <p><em>5 Smyrilsvegur, T\u00f3rshavn, Faroe Islands<\/em><\/p>\n                                <\/div>\n                                                                        <\/div>\n                \n                                    <\/div>\n    <\/div>\n\n\n<div style=\"height:100px\" aria-hidden=\"true\" class=\"wp-block-spacer\"><\/div>\n<\/div><\/div>\n","protected":false},"excerpt":{"rendered":"<p>Hugskot til ein hugnaligan regndag \u00ed Havn Fyri at siga ta\u00f0 sum ta\u00f0 er&#8230; Ve\u00f0ri\u00f0 \u00ed Havn er ikki alt\u00ed\u00f0 av t\u00ed besta, men ta\u00f0 er ein partur av t\u00ed, [&hellip;]<\/p>\n","protected":false},"author":4,"featured_media":150766,"comment_status":"closed","ping_status":"closed","sticky":false,"template":"","format":"standard","meta":{"_acf_changed":false,"footnotes":""},"categories":[202,193,74,75],"tags":[7,71],"class_list":["post-14156","post","type-post","status-publish","format-standard","has-post-thumbnail","hentry","category-iblastur","category-inspiration","category-news","category-tidindir","tag-eat-drink","tag-upplivingar"],"acf":[],"yoast_head":"<!-- This site is optimized with the Yoast SEO plugin v27.5 - https:\/\/yoast.com\/product\/yoast-seo-wordpress\/ -->\n<title>Havnin ein regn fagran dag - Visit Torshavn<\/title>\n<meta name=\"robots\" content=\"index, follow, max-snippet:-1, max-image-preview:large, max-video-preview:-1\" \/>\n<link rel=\"canonical\" href=\"https:\/\/www.visittorshavn.fo\/fo\/havnin-a-heysti\/\" \/>\n<meta property=\"og:locale\" content=\"fo_FO\" \/>\n<meta property=\"og:type\" content=\"article\" \/>\n<meta property=\"og:title\" content=\"Havnin ein regn fagran dag - Visit Torshavn\" \/>\n<meta property=\"og:description\" content=\"Hugskot til ein hugnaligan regndag \u00ed Havn Fyri at siga ta\u00f0 sum ta\u00f0 er&#8230; Ve\u00f0ri\u00f0 \u00ed Havn er ikki alt\u00ed\u00f0 av t\u00ed besta, men ta\u00f0 er ein partur av t\u00ed, [&hellip;]\" \/>\n<meta property=\"og:url\" content=\"https:\/\/www.visittorshavn.fo\/fo\/havnin-a-heysti\/\" \/>\n<meta property=\"og:site_name\" content=\"Visit Torshavn\" \/>\n<meta property=\"article:published_time\" content=\"2025-09-01T09:14:04+00:00\" \/>\n<meta property=\"article:modified_time\" content=\"2026-02-18T15:17:57+00:00\" \/>\n<meta property=\"og:image\" content=\"https:\/\/www.visittorshavn.fo\/wp-content\/uploads\/2025\/09\/DSC_9566-1200x798.jpg\" \/>\n\t<meta property=\"og:image:width\" content=\"1200\" \/>\n\t<meta property=\"og:image:height\" content=\"798\" \/>\n\t<meta property=\"og:image:type\" content=\"image\/jpeg\" \/>\n<meta name=\"author\" content=\"Aviaja Josenius\" \/>\n<meta name=\"twitter:card\" content=\"summary_large_image\" \/>\n<meta name=\"twitter:label1\" content=\"Written by\" \/>\n\t<meta name=\"twitter:data1\" content=\"Aviaja Josenius\" \/>\n\t<meta name=\"twitter:label2\" content=\"Est. reading time\" \/>\n\t<meta name=\"twitter:data2\" content=\"2 minutes\" \/>\n<script type=\"application\/ld+json\" class=\"yoast-schema-graph\">{\"@context\":\"https:\\\/\\\/schema.org\",\"@graph\":[{\"@type\":\"Article\",\"@id\":\"https:\\\/\\\/www.visittorshavn.fo\\\/fo\\\/havnin-a-heysti\\\/#article\",\"isPartOf\":{\"@id\":\"https:\\\/\\\/www.visittorshavn.fo\\\/fo\\\/havnin-a-heysti\\\/\"},\"author\":{\"name\":\"Aviaja Josenius\",\"@id\":\"https:\\\/\\\/www.visittorshavn.fo\\\/fo\\\/#\\\/schema\\\/person\\\/9969b2eee5114d7b25623b576c4e7664\"},\"headline\":\"Havnin ein regn fagran dag\",\"datePublished\":\"2025-09-01T09:14:04+00:00\",\"dateModified\":\"2026-02-18T15:17:57+00:00\",\"mainEntityOfPage\":{\"@id\":\"https:\\\/\\\/www.visittorshavn.fo\\\/fo\\\/havnin-a-heysti\\\/\"},\"wordCount\":251,\"image\":{\"@id\":\"https:\\\/\\\/www.visittorshavn.fo\\\/fo\\\/havnin-a-heysti\\\/#primaryimage\"},\"thumbnailUrl\":\"https:\\\/\\\/www.visittorshavn.fo\\\/wp-content\\\/uploads\\\/2025\\\/09\\\/DSC_9566.jpg\",\"keywords\":[\"Eat &amp; Drink\",\"Upplivingar\"],\"articleSection\":[\"\u00cdbl\u00e1stur\",\"Inspiration\",\"News\",\"T\u00ed\u00f0indir\"],\"inLanguage\":\"fo-FO\"},{\"@type\":\"WebPage\",\"@id\":\"https:\\\/\\\/www.visittorshavn.fo\\\/fo\\\/havnin-a-heysti\\\/\",\"url\":\"https:\\\/\\\/www.visittorshavn.fo\\\/fo\\\/havnin-a-heysti\\\/\",\"name\":\"Havnin ein regn fagran dag - Visit Torshavn\",\"isPartOf\":{\"@id\":\"https:\\\/\\\/www.visittorshavn.fo\\\/fo\\\/#website\"},\"primaryImageOfPage\":{\"@id\":\"https:\\\/\\\/www.visittorshavn.fo\\\/fo\\\/havnin-a-heysti\\\/#primaryimage\"},\"image\":{\"@id\":\"https:\\\/\\\/www.visittorshavn.fo\\\/fo\\\/havnin-a-heysti\\\/#primaryimage\"},\"thumbnailUrl\":\"https:\\\/\\\/www.visittorshavn.fo\\\/wp-content\\\/uploads\\\/2025\\\/09\\\/DSC_9566.jpg\",\"datePublished\":\"2025-09-01T09:14:04+00:00\",\"dateModified\":\"2026-02-18T15:17:57+00:00\",\"author\":{\"@id\":\"https:\\\/\\\/www.visittorshavn.fo\\\/fo\\\/#\\\/schema\\\/person\\\/9969b2eee5114d7b25623b576c4e7664\"},\"breadcrumb\":{\"@id\":\"https:\\\/\\\/www.visittorshavn.fo\\\/fo\\\/havnin-a-heysti\\\/#breadcrumb\"},\"inLanguage\":\"fo-FO\",\"potentialAction\":[{\"@type\":\"ReadAction\",\"target\":[\"https:\\\/\\\/www.visittorshavn.fo\\\/fo\\\/havnin-a-heysti\\\/\"]}]},{\"@type\":\"ImageObject\",\"inLanguage\":\"fo-FO\",\"@id\":\"https:\\\/\\\/www.visittorshavn.fo\\\/fo\\\/havnin-a-heysti\\\/#primaryimage\",\"url\":\"https:\\\/\\\/www.visittorshavn.fo\\\/wp-content\\\/uploads\\\/2025\\\/09\\\/DSC_9566.jpg\",\"contentUrl\":\"https:\\\/\\\/www.visittorshavn.fo\\\/wp-content\\\/uploads\\\/2025\\\/09\\\/DSC_9566.jpg\",\"width\":2560,\"height\":1703,\"caption\":\"Jonas Rudolph \\\/ @jonasrudolph August 2021\"},{\"@type\":\"BreadcrumbList\",\"@id\":\"https:\\\/\\\/www.visittorshavn.fo\\\/fo\\\/havnin-a-heysti\\\/#breadcrumb\",\"itemListElement\":[{\"@type\":\"ListItem\",\"position\":1,\"name\":\"Home\",\"item\":\"https:\\\/\\\/www.visittorshavn.fo\\\/fo\\\/\"},{\"@type\":\"ListItem\",\"position\":2,\"name\":\"Havnin ein regn fagran dag\"}]},{\"@type\":\"WebSite\",\"@id\":\"https:\\\/\\\/www.visittorshavn.fo\\\/fo\\\/#website\",\"url\":\"https:\\\/\\\/www.visittorshavn.fo\\\/fo\\\/\",\"name\":\"Visit Torshavn\",\"description\":\"\",\"potentialAction\":[{\"@type\":\"SearchAction\",\"target\":{\"@type\":\"EntryPoint\",\"urlTemplate\":\"https:\\\/\\\/www.visittorshavn.fo\\\/fo\\\/?s={search_term_string}\"},\"query-input\":{\"@type\":\"PropertyValueSpecification\",\"valueRequired\":true,\"valueName\":\"search_term_string\"}}],\"inLanguage\":\"fo-FO\"},{\"@type\":\"Person\",\"@id\":\"https:\\\/\\\/www.visittorshavn.fo\\\/fo\\\/#\\\/schema\\\/person\\\/9969b2eee5114d7b25623b576c4e7664\",\"name\":\"Aviaja Josenius\",\"image\":{\"@type\":\"ImageObject\",\"inLanguage\":\"fo-FO\",\"@id\":\"https:\\\/\\\/secure.gravatar.com\\\/avatar\\\/08ed4d5142774b077d1065835ed50e10ce2d2de4131dc7073e7ad39c56d1c58e?s=96&d=mm&r=g\",\"url\":\"https:\\\/\\\/secure.gravatar.com\\\/avatar\\\/08ed4d5142774b077d1065835ed50e10ce2d2de4131dc7073e7ad39c56d1c58e?s=96&d=mm&r=g\",\"contentUrl\":\"https:\\\/\\\/secure.gravatar.com\\\/avatar\\\/08ed4d5142774b077d1065835ed50e10ce2d2de4131dc7073e7ad39c56d1c58e?s=96&d=mm&r=g\",\"caption\":\"Aviaja Josenius\"},\"url\":\"https:\\\/\\\/www.visittorshavn.fo\\\/fo\\\/author\\\/avi\\\/\"}]}<\/script>\n<!-- \/ Yoast SEO plugin. -->","yoast_head_json":{"title":"Havnin ein regn fagran dag - Visit Torshavn","robots":{"index":"index","follow":"follow","max-snippet":"max-snippet:-1","max-image-preview":"max-image-preview:large","max-video-preview":"max-video-preview:-1"},"canonical":"https:\/\/www.visittorshavn.fo\/fo\/havnin-a-heysti\/","og_locale":"fo_FO","og_type":"article","og_title":"Havnin ein regn fagran dag - Visit Torshavn","og_description":"Hugskot til ein hugnaligan regndag \u00ed Havn Fyri at siga ta\u00f0 sum ta\u00f0 er&#8230; Ve\u00f0ri\u00f0 \u00ed Havn er ikki alt\u00ed\u00f0 av t\u00ed besta, men ta\u00f0 er ein partur av t\u00ed, [&hellip;]","og_url":"https:\/\/www.visittorshavn.fo\/fo\/havnin-a-heysti\/","og_site_name":"Visit Torshavn","article_published_time":"2025-09-01T09:14:04+00:00","article_modified_time":"2026-02-18T15:17:57+00:00","og_image":[{"width":1200,"height":798,"url":"https:\/\/www.visittorshavn.fo\/wp-content\/uploads\/2025\/09\/DSC_9566-1200x798.jpg","type":"image\/jpeg"}],"author":"Aviaja Josenius","twitter_card":"summary_large_image","twitter_misc":{"Written by":"Aviaja Josenius","Est. reading time":"2 minutes"},"schema":{"@context":"https:\/\/schema.org","@graph":[{"@type":"Article","@id":"https:\/\/www.visittorshavn.fo\/fo\/havnin-a-heysti\/#article","isPartOf":{"@id":"https:\/\/www.visittorshavn.fo\/fo\/havnin-a-heysti\/"},"author":{"name":"Aviaja Josenius","@id":"https:\/\/www.visittorshavn.fo\/fo\/#\/schema\/person\/9969b2eee5114d7b25623b576c4e7664"},"headline":"Havnin ein regn fagran dag","datePublished":"2025-09-01T09:14:04+00:00","dateModified":"2026-02-18T15:17:57+00:00","mainEntityOfPage":{"@id":"https:\/\/www.visittorshavn.fo\/fo\/havnin-a-heysti\/"},"wordCount":251,"image":{"@id":"https:\/\/www.visittorshavn.fo\/fo\/havnin-a-heysti\/#primaryimage"},"thumbnailUrl":"https:\/\/www.visittorshavn.fo\/wp-content\/uploads\/2025\/09\/DSC_9566.jpg","keywords":["Eat &amp; Drink","Upplivingar"],"articleSection":["\u00cdbl\u00e1stur","Inspiration","News","T\u00ed\u00f0indir"],"inLanguage":"fo-FO"},{"@type":"WebPage","@id":"https:\/\/www.visittorshavn.fo\/fo\/havnin-a-heysti\/","url":"https:\/\/www.visittorshavn.fo\/fo\/havnin-a-heysti\/","name":"Havnin ein regn fagran dag - Visit Torshavn","isPartOf":{"@id":"https:\/\/www.visittorshavn.fo\/fo\/#website"},"primaryImageOfPage":{"@id":"https:\/\/www.visittorshavn.fo\/fo\/havnin-a-heysti\/#primaryimage"},"image":{"@id":"https:\/\/www.visittorshavn.fo\/fo\/havnin-a-heysti\/#primaryimage"},"thumbnailUrl":"https:\/\/www.visittorshavn.fo\/wp-content\/uploads\/2025\/09\/DSC_9566.jpg","datePublished":"2025-09-01T09:14:04+00:00","dateModified":"2026-02-18T15:17:57+00:00","author":{"@id":"https:\/\/www.visittorshavn.fo\/fo\/#\/schema\/person\/9969b2eee5114d7b25623b576c4e7664"},"breadcrumb":{"@id":"https:\/\/www.visittorshavn.fo\/fo\/havnin-a-heysti\/#breadcrumb"},"inLanguage":"fo-FO","potentialAction":[{"@type":"ReadAction","target":["https:\/\/www.visittorshavn.fo\/fo\/havnin-a-heysti\/"]}]},{"@type":"ImageObject","inLanguage":"fo-FO","@id":"https:\/\/www.visittorshavn.fo\/fo\/havnin-a-heysti\/#primaryimage","url":"https:\/\/www.visittorshavn.fo\/wp-content\/uploads\/2025\/09\/DSC_9566.jpg","contentUrl":"https:\/\/www.visittorshavn.fo\/wp-content\/uploads\/2025\/09\/DSC_9566.jpg","width":2560,"height":1703,"caption":"Jonas Rudolph \/ @jonasrudolph August 2021"},{"@type":"BreadcrumbList","@id":"https:\/\/www.visittorshavn.fo\/fo\/havnin-a-heysti\/#breadcrumb","itemListElement":[{"@type":"ListItem","position":1,"name":"Home","item":"https:\/\/www.visittorshavn.fo\/fo\/"},{"@type":"ListItem","position":2,"name":"Havnin ein regn fagran dag"}]},{"@type":"WebSite","@id":"https:\/\/www.visittorshavn.fo\/fo\/#website","url":"https:\/\/www.visittorshavn.fo\/fo\/","name":"Visit Torshavn","description":"","potentialAction":[{"@type":"SearchAction","target":{"@type":"EntryPoint","urlTemplate":"https:\/\/www.visittorshavn.fo\/fo\/?s={search_term_string}"},"query-input":{"@type":"PropertyValueSpecification","valueRequired":true,"valueName":"search_term_string"}}],"inLanguage":"fo-FO"},{"@type":"Person","@id":"https:\/\/www.visittorshavn.fo\/fo\/#\/schema\/person\/9969b2eee5114d7b25623b576c4e7664","name":"Aviaja Josenius","image":{"@type":"ImageObject","inLanguage":"fo-FO","@id":"https:\/\/secure.gravatar.com\/avatar\/08ed4d5142774b077d1065835ed50e10ce2d2de4131dc7073e7ad39c56d1c58e?s=96&d=mm&r=g","url":"https:\/\/secure.gravatar.com\/avatar\/08ed4d5142774b077d1065835ed50e10ce2d2de4131dc7073e7ad39c56d1c58e?s=96&d=mm&r=g","contentUrl":"https:\/\/secure.gravatar.com\/avatar\/08ed4d5142774b077d1065835ed50e10ce2d2de4131dc7073e7ad39c56d1c58e?s=96&d=mm&r=g","caption":"Aviaja Josenius"},"url":"https:\/\/www.visittorshavn.fo\/fo\/author\/avi\/"}]}},"_links":{"self":[{"href":"https:\/\/www.visittorshavn.fo\/fo\/wp-json\/wp\/v2\/posts\/14156","targetHints":{"allow":["GET"]}}],"collection":[{"href":"https:\/\/www.visittorshavn.fo\/fo\/wp-json\/wp\/v2\/posts"}],"about":[{"href":"https:\/\/www.visittorshavn.fo\/fo\/wp-json\/wp\/v2\/types\/post"}],"author":[{"embeddable":true,"href":"https:\/\/www.visittorshavn.fo\/fo\/wp-json\/wp\/v2\/users\/4"}],"replies":[{"embeddable":true,"href":"https:\/\/www.visittorshavn.fo\/fo\/wp-json\/wp\/v2\/comments?post=14156"}],"version-history":[{"count":0,"href":"https:\/\/www.visittorshavn.fo\/fo\/wp-json\/wp\/v2\/posts\/14156\/revisions"}],"wp:featuredmedia":[{"embeddable":true,"href":"https:\/\/www.visittorshavn.fo\/fo\/wp-json\/wp\/v2\/media\/150766"}],"wp:attachment":[{"href":"https:\/\/www.visittorshavn.fo\/fo\/wp-json\/wp\/v2\/media?parent=14156"}],"wp:term":[{"taxonomy":"category","embeddable":true,"href":"https:\/\/www.visittorshavn.fo\/fo\/wp-json\/wp\/v2\/categories?post=14156"},{"taxonomy":"post_tag","embeddable":true,"href":"https:\/\/www.visittorshavn.fo\/fo\/wp-json\/wp\/v2\/tags?post=14156"}],"curies":[{"name":"wp","href":"https:\/\/api.w.org\/{rel}","templated":true}]}}