{"id":16727,"date":"2024-10-14T10:24:59","date_gmt":"2024-10-14T09:24:59","guid":{"rendered":"https:\/\/www.visittorshavn.fo\/?p=16727"},"modified":"2026-01-30T14:08:29","modified_gmt":"2026-01-30T14:08:29","slug":"else-birgitte-pedersen-1854-1927","status":"publish","type":"post","link":"https:\/\/www.visittorshavn.fo\/fo\/else-birgitte-pedersen-1854-1927\/","title":{"rendered":"Else Bergitte Petersen (f. Debess) (1854-1927)"},"content":{"rendered":"\n<h6 class=\"wp-block-heading\">F\u00f8roya fremsti fotografur fyri fyrra heimsbardaga. Var fyrsta f\u00f8royska kvinna, sum fekk yrkislei\u00f0 sum fotografur. Myndir hennara hava st\u00f3ran t\u00fddning fyri f\u00f8royskan mentanararv.<\/h6>\n\n\n\n<div style=\"height:20px\" aria-hidden=\"true\" class=\"wp-block-spacer\"><\/div>\n\n\n\n<div class=\"wp-block-columns is-layout-flex wp-container-core-columns-is-layout-9d6595d7 wp-block-columns-is-layout-flex\">\n<div class=\"wp-block-column is-layout-flow wp-block-column-is-layout-flow\"><\/div>\n\n\n\n<div class=\"wp-block-column is-layout-flow wp-block-column-is-layout-flow\">\n<figure class=\"wp-block-image size-large\"><img decoding=\"async\" width=\"671\" height=\"1200\" data-src=\"https:\/\/www.visittorshavn.fo\/wp-content\/smush-webp\/2026\/01\/Elsa-Petersen-671x1200.jpg.webp\" alt=\"\" class=\"wp-image-220714 lazyload\" data-srcset=\"https:\/\/www.visittorshavn.fo\/wp-content\/smush-webp\/2026\/01\/Elsa-Petersen-671x1200.jpg.webp 671w, https:\/\/www.visittorshavn.fo\/wp-content\/smush-webp\/2026\/01\/Elsa-Petersen-447x800.jpg.webp 447w, https:\/\/www.visittorshavn.fo\/wp-content\/smush-webp\/2026\/01\/Elsa-Petersen-768x1374.jpg.webp 768w, https:\/\/www.visittorshavn.fo\/wp-content\/smush-webp\/2026\/01\/Elsa-Petersen-600x1073.jpg.webp 600w, https:\/\/www.visittorshavn.fo\/wp-content\/smush-webp\/2026\/01\/Elsa-Petersen.jpg.webp 828w\" data-sizes=\"auto\" src=\"data:image\/svg+xml;base64,PHN2ZyB3aWR0aD0iMSIgaGVpZ2h0PSIxIiB4bWxucz0iaHR0cDovL3d3dy53My5vcmcvMjAwMC9zdmciPjwvc3ZnPg==\" style=\"--smush-placeholder-width: 671px; --smush-placeholder-aspect-ratio: 671\/1200;\" data-original-sizes=\"(max-width: 671px) 100vw, 671px\" \/><\/figure>\n<\/div>\n\n\n\n<div class=\"wp-block-column is-layout-flow wp-block-column-is-layout-flow\"><\/div>\n<\/div>\n\n\n\n<p class=\"has-text-align-center\"><em>Elsa Petersen. Heimild: Tj\u00f3\u00f0savni\u00f0<\/em><\/p>\n\n\n\n<p>T\u00e1 i\u00f0 Elsa Petersen doyr \u00ed januar 1927, er hon kend v\u00ed\u00f0a um landi\u00f0 sum fotografur. Hon er vor\u00f0in umr\u00f8dd sum F\u00f8roya fremsti fotografur fyri fyrra heimsbardaga. Absalon Joensen, fotografur, skrivar \u00ed minningaror\u00f0um um Elsu \u00ed Dimmal\u00e6tting tann 7. januar 1928 at: \u201c<em>Fotografien var for hende, hvad Kunsten er for den rette Kunstner<\/em>.\u201d Hennara myndir hava st\u00f3rt vir\u00f0i fyri f\u00f8royska mentanararvin.<\/p>\n\n\n\n<p>Eins og n\u00f3gvar kvinnur f\u00f3r hon sum ung ni\u00f0ur \u00e1 h\u00e1sk\u00fala. Eftir hetta l\u00e6rdi hon til fotograf \u00ed \u00c5rhus og arbeiddi ni\u00f0ri \u00ed n\u00f8kur \u00e1r. \u00cd 1892 gj\u00f8rdist hon limur \u00ed Dansk Fotografisk Forening.<\/p>\n\n\n\n<p>Hon hevur helst virka\u00f0 sum fotografur \u00ed Havn s\u00ed\u00f0ani 1880-\u00e1rini. Fyrstu \u00e1rini \u00ed barnd\u00f3msheiminum Mortansstovu, men seinni \u00ed h\u00fasum \u00ed Niels Finsens g\u00f8tu 14, t.e. \u00e1 horninum Niels Finsens g\u00f8ta\/B\u00f8kjarabrekka. \u00cd ey\u00f0kenda atelieri hennara l\u00f3tu n\u00f3gv f\u00f3lk seg avmynda. Elsa hev\u00f0i b\u00fasta\u00f0 \u00ed somu h\u00fasum. Hon gavst \u00ed 1914.<\/p>\n\n\n\n<p>\u00cd s\u00edni yrkislei\u00f0 t\u00f3k hon eisini lut \u00e1 frams\u00fdningum. \u00cd 1895 var hon vi\u00f0 \u00e1 \u201cKvindernes Udstilling fra Fortid og Nutid\u201d \u00ed Keypmannahavn. Her s\u00fdndi hon m.a. myndir av J\u00f3annesi b\u00f3nda og Effers\u00f8e, l\u00e6rara. Ta\u00f0 var Theresa Buchwaldt, amtmansfr\u00faa, sum hev\u00f0i sta\u00f0i\u00f0 fyri at f\u00e1a frams\u00fdningarlutir \u00far F\u00f8royum.<\/p>\n\n\n\n<p>Eitt skifti var hon gift vi\u00f0 dananum Nicolai Eeg Pommerencke, handilsmanni; hon ver\u00f0ur t\u00ed eisini nevnd Elsa Pommerencke. \u00cd 1893 giftast hon og Hans Christian Petersen, i\u00f0 var fyrstil\u00e6rari vi\u00f0 alm\u00fagusk\u00falan. Hj\u00fanini v\u00f3ru barnleys, og Elsa testamentera\u00f0i Ellisheiminum \u00ed Havn 5000 kr.<\/p>\n\n\n\n<p><strong>Heimildir<\/strong>:<\/p>\n\n\n\n<p>Hansen, Steffen Stummann<em>. Kvindelige Pionerer. Et Bidrag til Fotografiens tidlige Historie p\u00e5 F\u00e6r\u00f8erne<\/em>. 2018. Jelling.<\/p>\n\n\n\n<p>Joensen, Absalon. Else Birgithe Petersen f. Debes. \u00cd: <em>Dimmal\u00e6tting<\/em> 7. januar, 1928. T\u00f3rshavn.<\/p>\n\n\n\n<p>Johannessen, Birgar. <em>Havnin \u2013 f\u00f3lk og yrki 1900-1939<\/em>. 2007. T\u00f3rshavn.<\/p>\n\n\n\n<p>Olsen. \u00cd: <em>F\u00f8ringat\u00ed\u00f0indum<\/em> 18. juli, 1895. T\u00f3rshavn.<\/p>\n\n\n\n<p><em>Su\u00f0urstreymoyar kirkjub\u00f3k<\/em>. F\u00f8dd gentub\u00f8rn 1854, bls. 47.<\/p>\n\n\n\n<p><\/p>\n\n\n\n<p><\/p>\n","protected":false},"excerpt":{"rendered":"<p>F\u00f8roya fremsti fotografur fyri fyrra heimsbardaga. Var fyrsta f\u00f8royska kvinna, sum fekk yrkislei\u00f0 sum fotografur. Myndir hennara hava st\u00f3ran t\u00fddning fyri f\u00f8royskan mentanararv. Elsa Petersen. Heimild: Tj\u00f3\u00f0savni\u00f0 T\u00e1 i\u00f0 Elsa [&hellip;]<\/p>\n","protected":false},"author":4,"featured_media":0,"comment_status":"closed","ping_status":"closed","sticky":false,"template":"","format":"standard","meta":{"_acf_changed":false,"footnotes":""},"categories":[299],"tags":[300],"class_list":["post-16727","post","type-post","status-publish","format-standard","hentry","category-soguligar-gravir","tag-gamli-kirkjugardur"],"acf":[],"yoast_head":"<!-- This site is optimized with the Yoast SEO plugin v27.5 - https:\/\/yoast.com\/product\/yoast-seo-wordpress\/ -->\n<title>Else Bergitte Petersen (f. Debess) (1854-1927) - Visit Torshavn<\/title>\n<meta name=\"robots\" content=\"index, follow, max-snippet:-1, max-image-preview:large, max-video-preview:-1\" \/>\n<link rel=\"canonical\" href=\"https:\/\/www.visittorshavn.fo\/fo\/else-birgitte-pedersen-1854-1927\/\" \/>\n<meta property=\"og:locale\" content=\"fo_FO\" \/>\n<meta property=\"og:type\" content=\"article\" \/>\n<meta property=\"og:title\" content=\"Else Bergitte Petersen (f. Debess) (1854-1927) - Visit Torshavn\" \/>\n<meta property=\"og:description\" content=\"F\u00f8roya fremsti fotografur fyri fyrra heimsbardaga. Var fyrsta f\u00f8royska kvinna, sum fekk yrkislei\u00f0 sum fotografur. Myndir hennara hava st\u00f3ran t\u00fddning fyri f\u00f8royskan mentanararv. Elsa Petersen. Heimild: Tj\u00f3\u00f0savni\u00f0 T\u00e1 i\u00f0 Elsa [&hellip;]\" \/>\n<meta property=\"og:url\" content=\"https:\/\/www.visittorshavn.fo\/fo\/else-birgitte-pedersen-1854-1927\/\" \/>\n<meta property=\"og:site_name\" content=\"Visit Torshavn\" \/>\n<meta property=\"article:published_time\" content=\"2024-10-14T09:24:59+00:00\" \/>\n<meta property=\"article:modified_time\" content=\"2026-01-30T14:08:29+00:00\" \/>\n<meta property=\"og:image\" content=\"https:\/\/www.visittorshavn.fo\/wp-content\/uploads\/2026\/01\/Elsa-Petersen.jpg\" \/>\n\t<meta property=\"og:image:width\" content=\"828\" \/>\n\t<meta property=\"og:image:height\" content=\"1481\" \/>\n\t<meta property=\"og:image:type\" content=\"image\/jpeg\" \/>\n<meta name=\"author\" content=\"Aviaja Josenius\" \/>\n<meta name=\"twitter:card\" content=\"summary_large_image\" \/>\n<meta name=\"twitter:label1\" content=\"Written by\" \/>\n\t<meta name=\"twitter:data1\" content=\"Aviaja Josenius\" \/>\n\t<meta name=\"twitter:label2\" content=\"Est. reading time\" \/>\n\t<meta name=\"twitter:data2\" content=\"2 minutes\" \/>\n<script type=\"application\/ld+json\" class=\"yoast-schema-graph\">{\"@context\":\"https:\\\/\\\/schema.org\",\"@graph\":[{\"@type\":\"Article\",\"@id\":\"https:\\\/\\\/www.visittorshavn.fo\\\/fo\\\/else-birgitte-pedersen-1854-1927\\\/#article\",\"isPartOf\":{\"@id\":\"https:\\\/\\\/www.visittorshavn.fo\\\/fo\\\/else-birgitte-pedersen-1854-1927\\\/\"},\"author\":{\"name\":\"Aviaja Josenius\",\"@id\":\"https:\\\/\\\/www.visittorshavn.fo\\\/fo\\\/#\\\/schema\\\/person\\\/9969b2eee5114d7b25623b576c4e7664\"},\"headline\":\"Else Bergitte Petersen (f. Debess) (1854-1927)\",\"datePublished\":\"2024-10-14T09:24:59+00:00\",\"dateModified\":\"2026-01-30T14:08:29+00:00\",\"mainEntityOfPage\":{\"@id\":\"https:\\\/\\\/www.visittorshavn.fo\\\/fo\\\/else-birgitte-pedersen-1854-1927\\\/\"},\"wordCount\":352,\"image\":{\"@id\":\"https:\\\/\\\/www.visittorshavn.fo\\\/fo\\\/else-birgitte-pedersen-1854-1927\\\/#primaryimage\"},\"thumbnailUrl\":\"https:\\\/\\\/www.visittorshavn.fo\\\/wp-content\\\/uploads\\\/2026\\\/01\\\/Elsa-Petersen-671x1200.jpg\",\"keywords\":[\"Gamli kirkjugar\u00f0ur\"],\"articleSection\":[\"S\u00f8guligar gravir\"],\"inLanguage\":\"fo-FO\"},{\"@type\":\"WebPage\",\"@id\":\"https:\\\/\\\/www.visittorshavn.fo\\\/fo\\\/else-birgitte-pedersen-1854-1927\\\/\",\"url\":\"https:\\\/\\\/www.visittorshavn.fo\\\/fo\\\/else-birgitte-pedersen-1854-1927\\\/\",\"name\":\"Else Bergitte Petersen (f. Debess) (1854-1927) - Visit Torshavn\",\"isPartOf\":{\"@id\":\"https:\\\/\\\/www.visittorshavn.fo\\\/fo\\\/#website\"},\"primaryImageOfPage\":{\"@id\":\"https:\\\/\\\/www.visittorshavn.fo\\\/fo\\\/else-birgitte-pedersen-1854-1927\\\/#primaryimage\"},\"image\":{\"@id\":\"https:\\\/\\\/www.visittorshavn.fo\\\/fo\\\/else-birgitte-pedersen-1854-1927\\\/#primaryimage\"},\"thumbnailUrl\":\"https:\\\/\\\/www.visittorshavn.fo\\\/wp-content\\\/uploads\\\/2026\\\/01\\\/Elsa-Petersen-671x1200.jpg\",\"datePublished\":\"2024-10-14T09:24:59+00:00\",\"dateModified\":\"2026-01-30T14:08:29+00:00\",\"author\":{\"@id\":\"https:\\\/\\\/www.visittorshavn.fo\\\/fo\\\/#\\\/schema\\\/person\\\/9969b2eee5114d7b25623b576c4e7664\"},\"breadcrumb\":{\"@id\":\"https:\\\/\\\/www.visittorshavn.fo\\\/fo\\\/else-birgitte-pedersen-1854-1927\\\/#breadcrumb\"},\"inLanguage\":\"fo-FO\",\"potentialAction\":[{\"@type\":\"ReadAction\",\"target\":[\"https:\\\/\\\/www.visittorshavn.fo\\\/fo\\\/else-birgitte-pedersen-1854-1927\\\/\"]}]},{\"@type\":\"ImageObject\",\"inLanguage\":\"fo-FO\",\"@id\":\"https:\\\/\\\/www.visittorshavn.fo\\\/fo\\\/else-birgitte-pedersen-1854-1927\\\/#primaryimage\",\"url\":\"https:\\\/\\\/www.visittorshavn.fo\\\/wp-content\\\/uploads\\\/2026\\\/01\\\/Elsa-Petersen-671x1200.jpg\",\"contentUrl\":\"https:\\\/\\\/www.visittorshavn.fo\\\/wp-content\\\/uploads\\\/2026\\\/01\\\/Elsa-Petersen-671x1200.jpg\"},{\"@type\":\"BreadcrumbList\",\"@id\":\"https:\\\/\\\/www.visittorshavn.fo\\\/fo\\\/else-birgitte-pedersen-1854-1927\\\/#breadcrumb\",\"itemListElement\":[{\"@type\":\"ListItem\",\"position\":1,\"name\":\"Home\",\"item\":\"https:\\\/\\\/www.visittorshavn.fo\\\/fo\\\/\"},{\"@type\":\"ListItem\",\"position\":2,\"name\":\"Else Bergitte Petersen (f. Debess) (1854-1927)\"}]},{\"@type\":\"WebSite\",\"@id\":\"https:\\\/\\\/www.visittorshavn.fo\\\/fo\\\/#website\",\"url\":\"https:\\\/\\\/www.visittorshavn.fo\\\/fo\\\/\",\"name\":\"Visit Torshavn\",\"description\":\"\",\"potentialAction\":[{\"@type\":\"SearchAction\",\"target\":{\"@type\":\"EntryPoint\",\"urlTemplate\":\"https:\\\/\\\/www.visittorshavn.fo\\\/fo\\\/?s={search_term_string}\"},\"query-input\":{\"@type\":\"PropertyValueSpecification\",\"valueRequired\":true,\"valueName\":\"search_term_string\"}}],\"inLanguage\":\"fo-FO\"},{\"@type\":\"Person\",\"@id\":\"https:\\\/\\\/www.visittorshavn.fo\\\/fo\\\/#\\\/schema\\\/person\\\/9969b2eee5114d7b25623b576c4e7664\",\"name\":\"Aviaja Josenius\",\"image\":{\"@type\":\"ImageObject\",\"inLanguage\":\"fo-FO\",\"@id\":\"https:\\\/\\\/secure.gravatar.com\\\/avatar\\\/08ed4d5142774b077d1065835ed50e10ce2d2de4131dc7073e7ad39c56d1c58e?s=96&d=mm&r=g\",\"url\":\"https:\\\/\\\/secure.gravatar.com\\\/avatar\\\/08ed4d5142774b077d1065835ed50e10ce2d2de4131dc7073e7ad39c56d1c58e?s=96&d=mm&r=g\",\"contentUrl\":\"https:\\\/\\\/secure.gravatar.com\\\/avatar\\\/08ed4d5142774b077d1065835ed50e10ce2d2de4131dc7073e7ad39c56d1c58e?s=96&d=mm&r=g\",\"caption\":\"Aviaja Josenius\"},\"url\":\"https:\\\/\\\/www.visittorshavn.fo\\\/fo\\\/author\\\/avi\\\/\"}]}<\/script>\n<!-- \/ Yoast SEO plugin. -->","yoast_head_json":{"title":"Else Bergitte Petersen (f. Debess) (1854-1927) - Visit Torshavn","robots":{"index":"index","follow":"follow","max-snippet":"max-snippet:-1","max-image-preview":"max-image-preview:large","max-video-preview":"max-video-preview:-1"},"canonical":"https:\/\/www.visittorshavn.fo\/fo\/else-birgitte-pedersen-1854-1927\/","og_locale":"fo_FO","og_type":"article","og_title":"Else Bergitte Petersen (f. Debess) (1854-1927) - Visit Torshavn","og_description":"F\u00f8roya fremsti fotografur fyri fyrra heimsbardaga. Var fyrsta f\u00f8royska kvinna, sum fekk yrkislei\u00f0 sum fotografur. Myndir hennara hava st\u00f3ran t\u00fddning fyri f\u00f8royskan mentanararv. Elsa Petersen. Heimild: Tj\u00f3\u00f0savni\u00f0 T\u00e1 i\u00f0 Elsa [&hellip;]","og_url":"https:\/\/www.visittorshavn.fo\/fo\/else-birgitte-pedersen-1854-1927\/","og_site_name":"Visit Torshavn","article_published_time":"2024-10-14T09:24:59+00:00","article_modified_time":"2026-01-30T14:08:29+00:00","og_image":[{"width":828,"height":1481,"url":"https:\/\/www.visittorshavn.fo\/wp-content\/uploads\/2026\/01\/Elsa-Petersen.jpg","type":"image\/jpeg"}],"author":"Aviaja Josenius","twitter_card":"summary_large_image","twitter_misc":{"Written by":"Aviaja Josenius","Est. reading time":"2 minutes"},"schema":{"@context":"https:\/\/schema.org","@graph":[{"@type":"Article","@id":"https:\/\/www.visittorshavn.fo\/fo\/else-birgitte-pedersen-1854-1927\/#article","isPartOf":{"@id":"https:\/\/www.visittorshavn.fo\/fo\/else-birgitte-pedersen-1854-1927\/"},"author":{"name":"Aviaja Josenius","@id":"https:\/\/www.visittorshavn.fo\/fo\/#\/schema\/person\/9969b2eee5114d7b25623b576c4e7664"},"headline":"Else Bergitte Petersen (f. Debess) (1854-1927)","datePublished":"2024-10-14T09:24:59+00:00","dateModified":"2026-01-30T14:08:29+00:00","mainEntityOfPage":{"@id":"https:\/\/www.visittorshavn.fo\/fo\/else-birgitte-pedersen-1854-1927\/"},"wordCount":352,"image":{"@id":"https:\/\/www.visittorshavn.fo\/fo\/else-birgitte-pedersen-1854-1927\/#primaryimage"},"thumbnailUrl":"https:\/\/www.visittorshavn.fo\/wp-content\/uploads\/2026\/01\/Elsa-Petersen-671x1200.jpg","keywords":["Gamli kirkjugar\u00f0ur"],"articleSection":["S\u00f8guligar gravir"],"inLanguage":"fo-FO"},{"@type":"WebPage","@id":"https:\/\/www.visittorshavn.fo\/fo\/else-birgitte-pedersen-1854-1927\/","url":"https:\/\/www.visittorshavn.fo\/fo\/else-birgitte-pedersen-1854-1927\/","name":"Else Bergitte Petersen (f. Debess) (1854-1927) - Visit Torshavn","isPartOf":{"@id":"https:\/\/www.visittorshavn.fo\/fo\/#website"},"primaryImageOfPage":{"@id":"https:\/\/www.visittorshavn.fo\/fo\/else-birgitte-pedersen-1854-1927\/#primaryimage"},"image":{"@id":"https:\/\/www.visittorshavn.fo\/fo\/else-birgitte-pedersen-1854-1927\/#primaryimage"},"thumbnailUrl":"https:\/\/www.visittorshavn.fo\/wp-content\/uploads\/2026\/01\/Elsa-Petersen-671x1200.jpg","datePublished":"2024-10-14T09:24:59+00:00","dateModified":"2026-01-30T14:08:29+00:00","author":{"@id":"https:\/\/www.visittorshavn.fo\/fo\/#\/schema\/person\/9969b2eee5114d7b25623b576c4e7664"},"breadcrumb":{"@id":"https:\/\/www.visittorshavn.fo\/fo\/else-birgitte-pedersen-1854-1927\/#breadcrumb"},"inLanguage":"fo-FO","potentialAction":[{"@type":"ReadAction","target":["https:\/\/www.visittorshavn.fo\/fo\/else-birgitte-pedersen-1854-1927\/"]}]},{"@type":"ImageObject","inLanguage":"fo-FO","@id":"https:\/\/www.visittorshavn.fo\/fo\/else-birgitte-pedersen-1854-1927\/#primaryimage","url":"https:\/\/www.visittorshavn.fo\/wp-content\/uploads\/2026\/01\/Elsa-Petersen-671x1200.jpg","contentUrl":"https:\/\/www.visittorshavn.fo\/wp-content\/uploads\/2026\/01\/Elsa-Petersen-671x1200.jpg"},{"@type":"BreadcrumbList","@id":"https:\/\/www.visittorshavn.fo\/fo\/else-birgitte-pedersen-1854-1927\/#breadcrumb","itemListElement":[{"@type":"ListItem","position":1,"name":"Home","item":"https:\/\/www.visittorshavn.fo\/fo\/"},{"@type":"ListItem","position":2,"name":"Else Bergitte Petersen (f. Debess) (1854-1927)"}]},{"@type":"WebSite","@id":"https:\/\/www.visittorshavn.fo\/fo\/#website","url":"https:\/\/www.visittorshavn.fo\/fo\/","name":"Visit Torshavn","description":"","potentialAction":[{"@type":"SearchAction","target":{"@type":"EntryPoint","urlTemplate":"https:\/\/www.visittorshavn.fo\/fo\/?s={search_term_string}"},"query-input":{"@type":"PropertyValueSpecification","valueRequired":true,"valueName":"search_term_string"}}],"inLanguage":"fo-FO"},{"@type":"Person","@id":"https:\/\/www.visittorshavn.fo\/fo\/#\/schema\/person\/9969b2eee5114d7b25623b576c4e7664","name":"Aviaja Josenius","image":{"@type":"ImageObject","inLanguage":"fo-FO","@id":"https:\/\/secure.gravatar.com\/avatar\/08ed4d5142774b077d1065835ed50e10ce2d2de4131dc7073e7ad39c56d1c58e?s=96&d=mm&r=g","url":"https:\/\/secure.gravatar.com\/avatar\/08ed4d5142774b077d1065835ed50e10ce2d2de4131dc7073e7ad39c56d1c58e?s=96&d=mm&r=g","contentUrl":"https:\/\/secure.gravatar.com\/avatar\/08ed4d5142774b077d1065835ed50e10ce2d2de4131dc7073e7ad39c56d1c58e?s=96&d=mm&r=g","caption":"Aviaja Josenius"},"url":"https:\/\/www.visittorshavn.fo\/fo\/author\/avi\/"}]}},"_links":{"self":[{"href":"https:\/\/www.visittorshavn.fo\/fo\/wp-json\/wp\/v2\/posts\/16727","targetHints":{"allow":["GET"]}}],"collection":[{"href":"https:\/\/www.visittorshavn.fo\/fo\/wp-json\/wp\/v2\/posts"}],"about":[{"href":"https:\/\/www.visittorshavn.fo\/fo\/wp-json\/wp\/v2\/types\/post"}],"author":[{"embeddable":true,"href":"https:\/\/www.visittorshavn.fo\/fo\/wp-json\/wp\/v2\/users\/4"}],"replies":[{"embeddable":true,"href":"https:\/\/www.visittorshavn.fo\/fo\/wp-json\/wp\/v2\/comments?post=16727"}],"version-history":[{"count":0,"href":"https:\/\/www.visittorshavn.fo\/fo\/wp-json\/wp\/v2\/posts\/16727\/revisions"}],"wp:attachment":[{"href":"https:\/\/www.visittorshavn.fo\/fo\/wp-json\/wp\/v2\/media?parent=16727"}],"wp:term":[{"taxonomy":"category","embeddable":true,"href":"https:\/\/www.visittorshavn.fo\/fo\/wp-json\/wp\/v2\/categories?post=16727"},{"taxonomy":"post_tag","embeddable":true,"href":"https:\/\/www.visittorshavn.fo\/fo\/wp-json\/wp\/v2\/tags?post=16727"}],"curies":[{"name":"wp","href":"https:\/\/api.w.org\/{rel}","templated":true}]}}