{"id":18372,"date":"2025-08-30T13:49:31","date_gmt":"2025-08-30T12:49:31","guid":{"rendered":"https:\/\/www.visittorshavn.fo\/?p=18372"},"modified":"2025-03-20T11:50:11","modified_gmt":"2025-03-20T11:50:11","slug":"hare-hunting-in-the-faroe-islands","status":"publish","type":"post","link":"https:\/\/www.visittorshavn.fo\/fo\/hare-hunting-in-the-faroe-islands\/","title":{"rendered":"Haruvei\u00f0a \u00ed F\u00f8royum"},"content":{"rendered":"\n<p class=\"has-text-align-left\"><em>Hesin teksturin er ein samandr\u00e1ttur av verkinum hj\u00e1 <a href=\"https:\/\/www.setur.fo\/en\/the-university\/staff\/eydfinn-magnussen\">Ey\u00f0finn Magnussen<\/a>, lektari \u00ed l\u00edvfr\u00f8\u00f0i \u00e1 N\u00e1tt\u00faruv\u00edsindadeildini hj\u00e1 Fr\u00f3\u00f0skaparsetrinum<\/em><\/p>\n\n\n\n<div style=\"height:100px\" aria-hidden=\"true\" class=\"wp-block-spacer\"><\/div>\n\n\n\n<div class=\"wp-block-cover alignfull\"><span aria-hidden=\"true\" class=\"wp-block-cover__background has-sunshine-background-color has-background-dim-100 has-background-dim\"><\/span><div class=\"wp-block-cover__inner-container is-layout-constrained wp-block-cover-is-layout-constrained\">\n<div style=\"height:20px\" aria-hidden=\"true\" class=\"wp-block-spacer\"><\/div>\n\n\n\n<p class=\"has-dark-color has-text-color has-link-color wp-elements-dc9c114499f7880e201ee5bddefd2842\">Haran, sum \u00ed dag er \u00ed F\u00f8royum, er snj\u00f3hara (Lepus timidus). Hon ver\u00f0ur eisini nevnd fjallahara ella bl\u00e1hara.<\/p>\n\n\n\n<p class=\"has-dark-color has-text-color has-link-color wp-elements-56ebd7650aad15e5eb13ed3fee5dc458\">Umframt \u00ed F\u00f8royum finst snj\u00f3haran \u00ed dag \u00ed Skotlandi, \u00cdrlandi, Skandinavia, Finnlandi, Nor\u00f0urrusslandi og Sibiria. Sm\u00e1ir harustovnar eru eisini \u00ed Alpunum og \u00e1 japansku oynni Hokkaido.<\/p>\n\n\n\n<p class=\"has-dark-color has-text-color has-link-color wp-elements-a15b532e935acbcf6d20d63b5f54a5bf\">Hon var\u00f0 innflutt til F\u00f8roya \u00ed 1855 fr\u00e1 norska \u00f8kinum Krager\u00f8 \u00ed Oslofj\u00f8r\u00f0inum. Ta\u00f0 var Carl Emil Dahlerup, sum var amtma\u00f0ur \u00ed F\u00f8royum 1849\u20131861, i\u00f0 kom vi\u00f0 haruni. Dahlerup s\u00f8kti danska Innanr\u00edkisr\u00e1\u00f0i\u00f0 um peningaligan stu\u00f0ul til at seta harur \u00fat \u00ed F\u00f8royum, t\u00ed hann helt, at harurnar kundu gerast eitt gott mat\u00edskoyti hj\u00e1 f\u00f8royingum. <\/p>\n\n\n\n<p class=\"has-dark-color has-text-color has-link-color wp-elements-171a1f1df3f37f5b8c5d4bb5530e735f\">\u00cd ums\u00f3knini til Innanr\u00edkisr\u00e1\u00f0i\u00f0 grundgevur hann millum anna\u00f0 vi\u00f0, at harurnar kunnu \u201c\u2026 blive til gavn og behagelighed for mange her p\u00e5 landet\u201d. \u00cd br\u00e6vi, dagfest 7. november 1853, skrivar Dahlerup millum anna\u00f0 \u201c\u2026et bel\u00f8b af 20 \u00e0 30 rigbanksdaler til derfor at f\u00e5 indk\u00f8bt og overf\u00f8rt hertil fra Norge eller Shetland en del unge levende harer.\u201d<br>Ums\u00f3knin ver\u00f0ur j\u00e1tta\u00f0, og \u00ed br\u00e6vi 12. september 1855 sendir Dahlerup kvittan til Innanr\u00edkisr\u00e1\u00f0i\u00f0 \u201cFor 5 levende hareunger med briggen Ursus minor fra Krager\u00f8 i Norge 4 rigsdaler. For hareungernes pasning om bord og ilandbringelse har jeg betalt 1 rbd. 32 sk., i alt 5 rbd. 32 sk\u201d. <\/p>\n\n\n\n<p class=\"has-dark-color has-text-color has-link-color wp-elements-f83c803dadac3beb6d313b504b22844f\">Ta\u00f0 kosta\u00f0i \u00ed alt 5 r\u00edkisd\u00e1lar og 32 skillingar at f\u00e1a haruungarnar til F\u00f8roya.<\/p>\n\n\n\n<div style=\"height:20px\" aria-hidden=\"true\" class=\"wp-block-spacer\"><\/div>\n<\/div><\/div>\n\n\n\n<div style=\"height:50px\" aria-hidden=\"true\" class=\"wp-block-spacer\"><\/div>\n\n\n\n<figure class=\"wp-block-pullquote\"><blockquote><p><em><br><br>Hendan \u00edl\u00f8gan, \u00e1lj\u00f3\u00f0andi 5 r\u00edkisd\u00e1lar og 32 skillingar, man vera besta \u00edl\u00f8gan, sum nakrant\u00ed\u00f0 er gj\u00f8rd \u00ed F\u00f8royum. Hesir pengarnir eru grundarlagi\u00f0 undir allari haruvei\u00f0u, sum \u00ed dag er \u00ed F\u00f8royum, og eru eisini ors\u00f8kin til, at haruhagarnir \u00ed F\u00f8royum \u00e1 hv\u00f8rjum \u00e1ri ver\u00f0a seldir fyri fleiri hundra\u00f0 t\u00fasund kr\u00f3nur tilsamans, teir d\u00fdrastu fyri 20-30.000 kr. <\/em><br><br><em>Sostatt hava hesir fimm d\u00e1larnir givi\u00f0 avkast upp \u00e1 fleiri milli\u00f3nir kr\u00f3nur \u00ed tey gott 150 \u00e1rini, sum haruhagar hava veri\u00f0 seldir \u00ed F\u00f8royum.<\/em><\/p><cite>Ey\u00f0finn Magnussen<\/cite><\/blockquote><\/figure>\n\n\n\n<div style=\"height:50px\" aria-hidden=\"true\" class=\"wp-block-spacer\"><\/div>\n\n\n\n<figure class=\"wp-block-image size-large\"><img decoding=\"async\" width=\"1200\" height=\"825\" data-src=\"https:\/\/www.visittorshavn.fo\/wp-content\/smush-webp\/2024\/11\/harumynd-harald-bjorgvin-1200x825.png.webp\" alt=\"\" class=\"wp-image-18193 lazyload\" data-srcset=\"https:\/\/www.visittorshavn.fo\/wp-content\/smush-webp\/2024\/11\/harumynd-harald-bjorgvin-1200x825.png.webp 1200w, https:\/\/www.visittorshavn.fo\/wp-content\/smush-webp\/2024\/11\/harumynd-harald-bjorgvin-800x550.png.webp 800w, https:\/\/www.visittorshavn.fo\/wp-content\/smush-webp\/2024\/11\/harumynd-harald-bjorgvin-768x528.png.webp 768w, https:\/\/www.visittorshavn.fo\/wp-content\/smush-webp\/2024\/11\/harumynd-harald-bjorgvin-600x412.png.webp 600w, https:\/\/www.visittorshavn.fo\/wp-content\/smush-webp\/2024\/11\/harumynd-harald-bjorgvin.png.webp 1221w\" data-sizes=\"auto\" src=\"data:image\/svg+xml;base64,PHN2ZyB3aWR0aD0iMSIgaGVpZ2h0PSIxIiB4bWxucz0iaHR0cDovL3d3dy53My5vcmcvMjAwMC9zdmciPjwvc3ZnPg==\" style=\"--smush-placeholder-width: 1200px; --smush-placeholder-aspect-ratio: 1200\/825;\" data-original-sizes=\"(max-width: 1200px) 100vw, 1200px\" \/><\/figure>\n\n\n\n<p class=\"has-text-align-center\"><em>F\u00f8roysk hara, januar 2019. Mynd: Harald Bj\u00f8rgvin<\/em><\/p>\n\n\n\n<div class=\"wp-block-cover alignfull\"><span aria-hidden=\"true\" class=\"wp-block-cover__background has-sunshine-background-color has-background-dim-100 has-background-dim\"><\/span><div class=\"wp-block-cover__inner-container is-layout-constrained wp-block-cover-is-layout-constrained\">\n<div style=\"height:25px\" aria-hidden=\"true\" class=\"wp-block-spacer\"><\/div>\n\n\n\n<p class=\"has-dark-color has-text-color has-link-color wp-elements-bdc84ddbf5e426e8a0277ea402c90965\">Harurnar trivust og v\u00f3r\u00f0u vi\u00f0 t\u00ed\u00f0ini fluttar til allar hinar oyggjarnar, uttan Koltur, St\u00f3ra D\u00edmun, og L\u00edtla D\u00edmun.<\/p>\n\n\n\n<p class=\"has-dark-color has-text-color has-link-color wp-elements-3e3a419d8e894b4a7c6f35f1de1e17a4\">N\u00f8kur \u00e1r eftir, at harurnar komu til landi\u00f0, var\u00f0 skipa\u00f0 fyri haruskj\u00f3ting. Fyrsta l\u00f3gin, i\u00f0 sipar til haruvei\u00f0u, er fr\u00e1 1881. Um hetta mundi\u00f0 var\u00f0 loyvt at skj\u00f3ta haru 136 dagar um \u00e1ri\u00f0, fr\u00e1 1. oktober til 14. februar. Men hetta var\u00f0 hildi\u00f0 at ver\u00f0a eitt ov langt t\u00ed\u00f0arskei\u00f0. <\/p>\n\n\n\n<p class=\"has-dark-color has-text-color has-link-color wp-elements-5417fb92855cf6e4a2f0b02f4de44dad\">\u00cd 1928 var\u00f0 haruvei\u00f0an stytt ni\u00f0ur til 92 dagar, fr\u00e1 1. november til 31. januar. Hon var\u00f0 stytt enn meira \u00ed 1945, hesufer\u00f0 til 60 dagar, fr\u00e1 1. november til 31. desember, og er hetta enn galdandi \u00eddag. Stutta haruvei\u00f0an tryggjar, at harustovnurin ver\u00f0ur var\u00f0veittur. <\/p>\n\n\n\n<figure class=\"wp-block-gallery has-nested-images columns-default is-cropped wp-block-gallery-1 is-layout-flex wp-block-gallery-is-layout-flex\">\n<figure class=\"wp-block-image size-large\"><img decoding=\"async\" width=\"740\" height=\"532\" data-id=\"18358\" data-src=\"https:\/\/www.visittorshavn.fo\/wp-content\/smush-webp\/2024\/11\/vetrarhara-1.jpg.webp\" alt=\"\" class=\"wp-image-18358 lazyload\" data-srcset=\"https:\/\/www.visittorshavn.fo\/wp-content\/smush-webp\/2024\/11\/vetrarhara-1.jpg.webp 740w, https:\/\/www.visittorshavn.fo\/wp-content\/smush-webp\/2024\/11\/vetrarhara-1-600x431.jpg.webp 600w\" data-sizes=\"auto\" src=\"data:image\/svg+xml;base64,PHN2ZyB3aWR0aD0iMSIgaGVpZ2h0PSIxIiB4bWxucz0iaHR0cDovL3d3dy53My5vcmcvMjAwMC9zdmciPjwvc3ZnPg==\" style=\"--smush-placeholder-width: 740px; --smush-placeholder-aspect-ratio: 740\/532;\" data-original-sizes=\"(max-width: 740px) 100vw, 740px\" \/><\/figure>\n\n\n\n<figure class=\"wp-block-image size-large\"><img decoding=\"async\" width=\"748\" height=\"528\" data-id=\"18360\" data-src=\"https:\/\/www.visittorshavn.fo\/wp-content\/smush-webp\/2024\/11\/summarhara-2.jpg.webp\" alt=\"\" class=\"wp-image-18360 lazyload\" data-srcset=\"https:\/\/www.visittorshavn.fo\/wp-content\/smush-webp\/2024\/11\/summarhara-2.jpg.webp 748w, https:\/\/www.visittorshavn.fo\/wp-content\/smush-webp\/2024\/11\/summarhara-2-600x424.jpg.webp 600w\" data-sizes=\"auto\" src=\"data:image\/svg+xml;base64,PHN2ZyB3aWR0aD0iMSIgaGVpZ2h0PSIxIiB4bWxucz0iaHR0cDovL3d3dy53My5vcmcvMjAwMC9zdmciPjwvc3ZnPg==\" style=\"--smush-placeholder-width: 748px; --smush-placeholder-aspect-ratio: 748\/528;\" data-original-sizes=\"(max-width: 748px) 100vw, 748px\" \/><\/figure>\n<\/figure>\n\n\n\n<p class=\"has-dark-color has-text-color has-link-color wp-elements-ec6e96efb6e1d7e0565cf1d0f2049e51\"><em>Liturin \u00e1 haru broytist vi\u00f0 \u00e1rst\u00ed\u00f0ini. Um summari\u00f0 eru t\u00e6r br\u00fanligar \u00e1 liti, um veturin gr\u00e1ligar. \u00c1 myndunum s\u00edggjast tv\u00e6r harur. Myndin h\u00f8grumegin er tikin 19. mai av einari haru \u00ed summarb\u00fana. Myndin vinstrumegin er tikin 7. desember av einari haru \u00ed vetrarb\u00fana.<\/em><\/p>\n\n\n\n<div style=\"height:50px\" aria-hidden=\"true\" class=\"wp-block-spacer\"><\/div>\n\n\n\n<p class=\"has-dark-color has-text-color has-link-color wp-elements-506c75d517727d18dcdf9ce49c47cbd4\">Hara hevur veri\u00f0 skotin \u00ed F\u00f8royum \u00ed eini h\u00e1lvtanna\u00f0hundra\u00f0 \u00e1r, men hvussu n\u00f3gvar harur hava veri\u00f0 skotnar \u00f8ll hesi \u00e1rini, vita vit \u00ed veruleikanum l\u00edti\u00f0 og einki um. T\u00e1 ta\u00f0 kemur til vei\u00f0u \u00e1 sj\u00f3num; fisk og hval, so vita vit r\u00edmiliga v\u00e6l, hvussu n\u00f3gv er komi\u00f0 upp \u00e1 land \u00e1 hv\u00f8rjum \u00e1ri. Men t\u00e1 ta\u00f0 kemur til vei\u00f0u uppi \u00e1 landi, fugl og haru, so vita vit sera l\u00edti\u00f0, fyri so at siga slett einki, t\u00ed eingin f\u00f8royskur myndugleiki hevur tiki\u00f0 s\u00e6r av hesi uppg\u00e1vuni. Teir, i\u00f0 skj\u00f3ta haru \u00ed F\u00f8royum, hava ikki skyldu at bo\u00f0a fr\u00e1, hvussu n\u00f3gvar harur teir hava fingi\u00f0, hvussu ofta teir hava skoti\u00f0 ella hvussu n\u00f3gvir mans hava veri\u00f0 vi\u00f0. T\u00ed vita vit heldur ikki, hvussu n\u00f3gv hara hevur veri\u00f0 skotin \u00ed F\u00f8royum gj\u00f8gnum t\u00ed\u00f0ina, ella hvussu st\u00f3r royndin hevur veri\u00f0.<br><\/p>\n\n\n\n<p class=\"has-dark-color has-text-color has-link-color wp-elements-7303fe6357143e0790011545e2710149\">Fyri at b\u00f8ta um hetta f\u00f3r Ey\u00f0finn Magnussen \u00ed 2012 undir at skr\u00e1seta, hvussu n\u00f3gvar harur veruliga ver\u00f0a skotnar \u00ed F\u00f8royum. Innsavningin av vei\u00f0ut\u00f8lum var\u00f0 gj\u00f8rd vi\u00f0 st\u00f8\u00f0i \u00ed Facebook-b\u00f3lkinum \u201cHaruskj\u00f3ting \u00ed F\u00f8royum\u201d, har harumenn sj\u00e1lvbodnir bo\u00f0a fr\u00e1, hvussu n\u00f3gv teir hava skoti\u00f0. \u00darsliti\u00f0 gj\u00f8rdist r\u00e6ttuliga \u00f3v\u00e6nta\u00f0, t\u00ed hetta fyrsta \u00e1ri\u00f0 blivu ikki f\u00e6rri enn 5.381 harur skr\u00e1settar at vera skotnar \u00ed F\u00f8royum. Men samla\u00f0a tali\u00f0 hevur helst veri\u00f0 omanfyri 7.000, t\u00ed ta\u00f0 var sj\u00e1lvbo\u00f0i\u00f0 at bo\u00f0a fr\u00e1, og t\u00ed eru ta\u00f0 uttan iva fleiri harut\u00f8l, sum ikki v\u00f3r\u00f0u fr\u00e1bo\u00f0a\u00f0.<\/p>\n\n\n\n<p class=\"has-dark-color has-text-color has-link-color wp-elements-e5629eef3c0b4b6f504382dd649f50b0\"> Ey\u00f0finn hevur eisini sett heimas\u00ed\u00f0una <a href=\"https:\/\/haran.setur.fo\/\">haran.fo<\/a> \u00e1 stovn, har t\u00fa kann fylgja vi\u00f0 haruvei\u00f0ini.<\/p>\n\n\n\n<div style=\"height:25px\" aria-hidden=\"true\" class=\"wp-block-spacer\"><\/div>\n<\/div><\/div>\n\n\n\n<div style=\"height:25px\" aria-hidden=\"true\" class=\"wp-block-spacer\"><\/div>\n\n\n\n<p><strong><em>Ni\u00f0anfyri: Samla\u00f0a tali\u00f0 av skr\u00e1settum skotnum harum, sum v\u00f3r\u00f0u skotnar \u00ed teimum ymisku h\u00f8gunum \u00ed F\u00f8royum \u00ed 2018.<\/em><\/strong><\/p>\n\n\n\n<p><em>Samla\u00f0a tali\u00f0 gj\u00f8rdist 5.136 harur, sum v\u00f3r\u00f0u skotnar \u00ed 247 h\u00f8gum kring landi\u00f0. \u00cd 34 h\u00f8gum var\u00f0 ikki skoti\u00f0.<\/em><\/p>\n\n\n\n<figure class=\"wp-block-image size-large is-resized\"><img decoding=\"async\" width=\"848\" height=\"1200\" data-src=\"https:\/\/www.visittorshavn.fo\/wp-content\/smush-webp\/2024\/11\/haruskjoting-i-FO-848x1200.jpg.webp\" alt=\"\" class=\"wp-image-18205 lazyload\" style=\"--smush-placeholder-width: 848px; --smush-placeholder-aspect-ratio: 848\/1200;width:844px;height:auto\" data-srcset=\"https:\/\/www.visittorshavn.fo\/wp-content\/smush-webp\/2024\/11\/haruskjoting-i-FO-848x1200.jpg.webp 848w, https:\/\/www.visittorshavn.fo\/wp-content\/smush-webp\/2024\/11\/haruskjoting-i-FO-566x800.jpg.webp 566w, https:\/\/www.visittorshavn.fo\/wp-content\/smush-webp\/2024\/11\/haruskjoting-i-FO-768x1086.jpg.webp 768w, https:\/\/www.visittorshavn.fo\/wp-content\/smush-webp\/2024\/11\/haruskjoting-i-FO-1086x1536.jpg.webp 1086w, https:\/\/www.visittorshavn.fo\/wp-content\/smush-webp\/2024\/11\/haruskjoting-i-FO-600x849.jpg.webp 600w, https:\/\/www.visittorshavn.fo\/wp-content\/smush-webp\/2024\/11\/haruskjoting-i-FO.jpg.webp 1414w\" data-sizes=\"auto\" src=\"data:image\/svg+xml;base64,PHN2ZyB3aWR0aD0iMSIgaGVpZ2h0PSIxIiB4bWxucz0iaHR0cDovL3d3dy53My5vcmcvMjAwMC9zdmciPjwvc3ZnPg==\" data-original-sizes=\"(max-width: 848px) 100vw, 848px\" \/><\/figure>\n\n\n\n<div class=\"wp-block-media-text has-media-on-the-right is-stacked-on-mobile\"><div class=\"wp-block-media-text__content\">\n<p><em><strong>Myndin v\u00edsir tali\u00f0 av harum, sum eru skotnar \u00ed t\u00ed haganum, har teir skutu flestar harur, \u00e1rini fr\u00e1 2012 til 2018.<\/strong><br>Rey\u00f0a linjan v\u00edsir t\u00faratali\u00f0.<\/em><\/p>\n<\/div><figure class=\"wp-block-media-text__media\"><img decoding=\"async\" width=\"1200\" height=\"628\" data-src=\"https:\/\/www.visittorshavn.fo\/wp-content\/smush-webp\/2024\/11\/bestu-haruhagar-1200x628.jpg.webp\" alt=\"\" class=\"wp-image-18208 size-full lazyload\" data-srcset=\"https:\/\/www.visittorshavn.fo\/wp-content\/smush-webp\/2024\/11\/bestu-haruhagar-1200x628.jpg.webp 1200w, https:\/\/www.visittorshavn.fo\/wp-content\/smush-webp\/2024\/11\/bestu-haruhagar-800x419.jpg.webp 800w, https:\/\/www.visittorshavn.fo\/wp-content\/smush-webp\/2024\/11\/bestu-haruhagar-768x402.jpg.webp 768w, https:\/\/www.visittorshavn.fo\/wp-content\/smush-webp\/2024\/11\/bestu-haruhagar-600x314.jpg.webp 600w, https:\/\/www.visittorshavn.fo\/wp-content\/smush-webp\/2024\/11\/bestu-haruhagar.jpg.webp 1432w\" data-sizes=\"auto\" src=\"data:image\/svg+xml;base64,PHN2ZyB3aWR0aD0iMSIgaGVpZ2h0PSIxIiB4bWxucz0iaHR0cDovL3d3dy53My5vcmcvMjAwMC9zdmciPjwvc3ZnPg==\" style=\"--smush-placeholder-width: 1200px; --smush-placeholder-aspect-ratio: 1200\/628;\" data-original-sizes=\"(max-width: 1200px) 100vw, 1200px\" \/><\/figure><\/div>\n\n\n\n<div style=\"height:100px\" aria-hidden=\"true\" class=\"wp-block-spacer\"><\/div>\n\n\n\n<div class=\"wp-block-media-text is-stacked-on-mobile\"><figure class=\"wp-block-media-text__media\"><img decoding=\"async\" width=\"1200\" height=\"716\" data-src=\"https:\/\/www.visittorshavn.fo\/wp-content\/smush-webp\/2024\/11\/bytt-upp-i-oyggjar-1200x716.jpg.webp\" alt=\"\" class=\"wp-image-18210 size-full lazyload\" data-srcset=\"https:\/\/www.visittorshavn.fo\/wp-content\/smush-webp\/2024\/11\/bytt-upp-i-oyggjar-1200x716.jpg.webp 1200w, https:\/\/www.visittorshavn.fo\/wp-content\/smush-webp\/2024\/11\/bytt-upp-i-oyggjar-800x477.jpg.webp 800w, https:\/\/www.visittorshavn.fo\/wp-content\/smush-webp\/2024\/11\/bytt-upp-i-oyggjar-768x458.jpg.webp 768w, https:\/\/www.visittorshavn.fo\/wp-content\/smush-webp\/2024\/11\/bytt-upp-i-oyggjar-600x358.jpg.webp 600w, https:\/\/www.visittorshavn.fo\/wp-content\/smush-webp\/2024\/11\/bytt-upp-i-oyggjar.jpg.webp 1364w\" data-sizes=\"auto\" src=\"data:image\/svg+xml;base64,PHN2ZyB3aWR0aD0iMSIgaGVpZ2h0PSIxIiB4bWxucz0iaHR0cDovL3d3dy53My5vcmcvMjAwMC9zdmciPjwvc3ZnPg==\" style=\"--smush-placeholder-width: 1200px; --smush-placeholder-aspect-ratio: 1200\/716;\" data-original-sizes=\"(max-width: 1200px) 100vw, 1200px\" \/><\/figure><div class=\"wp-block-media-text__content\">\n<p><strong><em>Tal av skotnum harum \u00ed F\u00f8royum \u00ed 2018, b\u00fdtt sundur \u00e1 oyggjar.<\/em><\/strong><\/p>\n<\/div><\/div>\n\n\n\n<div style=\"height:100px\" aria-hidden=\"true\" class=\"wp-block-spacer\"><\/div>\n\n\n\n<div class=\"wp-block-media-text has-media-on-the-right is-stacked-on-mobile\"><div class=\"wp-block-media-text__content\">\n<p><strong><em>T\u00e6r t\u00edggju bygdirnar \u00ed F\u00f8royum, har flestar harur v\u00f3r\u00f0u skotnar \u00ed 2018.<\/em><\/strong><\/p>\n<\/div><figure class=\"wp-block-media-text__media\"><img decoding=\"async\" width=\"1200\" height=\"774\" data-src=\"https:\/\/www.visittorshavn.fo\/wp-content\/smush-webp\/2024\/11\/bytt-upp-i-bygdir-1-1200x774.jpg.webp\" alt=\"\" class=\"wp-image-18215 size-full lazyload\" data-srcset=\"https:\/\/www.visittorshavn.fo\/wp-content\/smush-webp\/2024\/11\/bytt-upp-i-bygdir-1-1200x774.jpg.webp 1200w, https:\/\/www.visittorshavn.fo\/wp-content\/smush-webp\/2024\/11\/bytt-upp-i-bygdir-1-800x516.jpg.webp 800w, https:\/\/www.visittorshavn.fo\/wp-content\/smush-webp\/2024\/11\/bytt-upp-i-bygdir-1-768x495.jpg.webp 768w, https:\/\/www.visittorshavn.fo\/wp-content\/smush-webp\/2024\/11\/bytt-upp-i-bygdir-1-600x387.jpg.webp 600w, https:\/\/www.visittorshavn.fo\/wp-content\/smush-webp\/2024\/11\/bytt-upp-i-bygdir-1.jpg.webp 1296w\" data-sizes=\"auto\" src=\"data:image\/svg+xml;base64,PHN2ZyB3aWR0aD0iMSIgaGVpZ2h0PSIxIiB4bWxucz0iaHR0cDovL3d3dy53My5vcmcvMjAwMC9zdmciPjwvc3ZnPg==\" style=\"--smush-placeholder-width: 1200px; --smush-placeholder-aspect-ratio: 1200\/774;\" data-original-sizes=\"(max-width: 1200px) 100vw, 1200px\" \/><\/figure><\/div>\n\n\n\n<div style=\"height:100px\" aria-hidden=\"true\" class=\"wp-block-spacer\"><\/div>\n","protected":false},"excerpt":{"rendered":"<p>Hesin teksturin er ein samandr\u00e1ttur av verkinum hj\u00e1 Ey\u00f0finn Magnussen, lektari \u00ed l\u00edvfr\u00f8\u00f0i \u00e1 N\u00e1tt\u00faruv\u00edsindadeildini hj\u00e1 Fr\u00f3\u00f0skaparsetrinum Hendan \u00edl\u00f8gan, \u00e1lj\u00f3\u00f0andi 5 r\u00edkisd\u00e1lar og 32 skillingar, man vera besta \u00edl\u00f8gan, sum [&hellip;]<\/p>\n","protected":false},"author":4,"featured_media":18129,"comment_status":"closed","ping_status":"closed","sticky":false,"template":"","format":"standard","meta":{"_acf_changed":false,"footnotes":""},"categories":[191,74,192],"tags":[72],"class_list":["post-18372","post","type-post","status-publish","format-standard","has-post-thumbnail","hentry","category-culture","category-news","category-traditional","tag-list-mentan"],"acf":[],"yoast_head":"<!-- This site is optimized with the Yoast SEO plugin v27.5 - https:\/\/yoast.com\/product\/yoast-seo-wordpress\/ -->\n<title>Haruvei\u00f0a \u00ed F\u00f8royum - Visit Torshavn<\/title>\n<meta name=\"robots\" content=\"index, follow, max-snippet:-1, max-image-preview:large, max-video-preview:-1\" \/>\n<link rel=\"canonical\" href=\"https:\/\/www.visittorshavn.fo\/fo\/hare-hunting-in-the-faroe-islands\/\" \/>\n<meta property=\"og:locale\" content=\"fo_FO\" \/>\n<meta property=\"og:type\" content=\"article\" \/>\n<meta property=\"og:title\" content=\"Haruvei\u00f0a \u00ed F\u00f8royum - Visit Torshavn\" \/>\n<meta property=\"og:description\" content=\"Hesin teksturin er ein samandr\u00e1ttur av verkinum hj\u00e1 Ey\u00f0finn Magnussen, lektari \u00ed l\u00edvfr\u00f8\u00f0i \u00e1 N\u00e1tt\u00faruv\u00edsindadeildini hj\u00e1 Fr\u00f3\u00f0skaparsetrinum Hendan \u00edl\u00f8gan, \u00e1lj\u00f3\u00f0andi 5 r\u00edkisd\u00e1lar og 32 skillingar, man vera besta \u00edl\u00f8gan, sum [&hellip;]\" \/>\n<meta property=\"og:url\" content=\"https:\/\/www.visittorshavn.fo\/fo\/hare-hunting-in-the-faroe-islands\/\" \/>\n<meta property=\"og:site_name\" content=\"Visit Torshavn\" \/>\n<meta property=\"article:published_time\" content=\"2025-08-30T12:49:31+00:00\" \/>\n<meta property=\"og:image\" content=\"https:\/\/www.visittorshavn.fo\/wp-content\/uploads\/2024\/11\/hara.jpg\" \/>\n\t<meta property=\"og:image:width\" content=\"1920\" \/>\n\t<meta property=\"og:image:height\" content=\"1080\" \/>\n\t<meta property=\"og:image:type\" content=\"image\/jpeg\" \/>\n<meta name=\"author\" content=\"Aviaja Josenius\" \/>\n<meta name=\"twitter:card\" content=\"summary_large_image\" \/>\n<meta name=\"twitter:label1\" content=\"Written by\" \/>\n\t<meta name=\"twitter:data1\" content=\"Aviaja Josenius\" \/>\n\t<meta name=\"twitter:label2\" content=\"Est. reading time\" \/>\n\t<meta name=\"twitter:data2\" content=\"5 minutes\" \/>\n<script type=\"application\/ld+json\" class=\"yoast-schema-graph\">{\"@context\":\"https:\\\/\\\/schema.org\",\"@graph\":[{\"@type\":\"Article\",\"@id\":\"https:\\\/\\\/www.visittorshavn.fo\\\/fo\\\/hare-hunting-in-the-faroe-islands\\\/#article\",\"isPartOf\":{\"@id\":\"https:\\\/\\\/www.visittorshavn.fo\\\/fo\\\/hare-hunting-in-the-faroe-islands\\\/\"},\"author\":{\"name\":\"Aviaja Josenius\",\"@id\":\"https:\\\/\\\/www.visittorshavn.fo\\\/fo\\\/#\\\/schema\\\/person\\\/9969b2eee5114d7b25623b576c4e7664\"},\"headline\":\"Haruvei\u00f0a \u00ed F\u00f8royum\",\"datePublished\":\"2025-08-30T12:49:31+00:00\",\"mainEntityOfPage\":{\"@id\":\"https:\\\/\\\/www.visittorshavn.fo\\\/fo\\\/hare-hunting-in-the-faroe-islands\\\/\"},\"wordCount\":887,\"image\":{\"@id\":\"https:\\\/\\\/www.visittorshavn.fo\\\/fo\\\/hare-hunting-in-the-faroe-islands\\\/#primaryimage\"},\"thumbnailUrl\":\"https:\\\/\\\/www.visittorshavn.fo\\\/wp-content\\\/uploads\\\/2024\\\/11\\\/hara.jpg\",\"keywords\":[\"List &amp; Mentan\"],\"articleSection\":[\"Culture\",\"News\",\"Traditional\"],\"inLanguage\":\"fo-FO\"},{\"@type\":\"WebPage\",\"@id\":\"https:\\\/\\\/www.visittorshavn.fo\\\/fo\\\/hare-hunting-in-the-faroe-islands\\\/\",\"url\":\"https:\\\/\\\/www.visittorshavn.fo\\\/fo\\\/hare-hunting-in-the-faroe-islands\\\/\",\"name\":\"Haruvei\u00f0a \u00ed F\u00f8royum - Visit Torshavn\",\"isPartOf\":{\"@id\":\"https:\\\/\\\/www.visittorshavn.fo\\\/fo\\\/#website\"},\"primaryImageOfPage\":{\"@id\":\"https:\\\/\\\/www.visittorshavn.fo\\\/fo\\\/hare-hunting-in-the-faroe-islands\\\/#primaryimage\"},\"image\":{\"@id\":\"https:\\\/\\\/www.visittorshavn.fo\\\/fo\\\/hare-hunting-in-the-faroe-islands\\\/#primaryimage\"},\"thumbnailUrl\":\"https:\\\/\\\/www.visittorshavn.fo\\\/wp-content\\\/uploads\\\/2024\\\/11\\\/hara.jpg\",\"datePublished\":\"2025-08-30T12:49:31+00:00\",\"author\":{\"@id\":\"https:\\\/\\\/www.visittorshavn.fo\\\/fo\\\/#\\\/schema\\\/person\\\/9969b2eee5114d7b25623b576c4e7664\"},\"breadcrumb\":{\"@id\":\"https:\\\/\\\/www.visittorshavn.fo\\\/fo\\\/hare-hunting-in-the-faroe-islands\\\/#breadcrumb\"},\"inLanguage\":\"fo-FO\",\"potentialAction\":[{\"@type\":\"ReadAction\",\"target\":[\"https:\\\/\\\/www.visittorshavn.fo\\\/fo\\\/hare-hunting-in-the-faroe-islands\\\/\"]}]},{\"@type\":\"ImageObject\",\"inLanguage\":\"fo-FO\",\"@id\":\"https:\\\/\\\/www.visittorshavn.fo\\\/fo\\\/hare-hunting-in-the-faroe-islands\\\/#primaryimage\",\"url\":\"https:\\\/\\\/www.visittorshavn.fo\\\/wp-content\\\/uploads\\\/2024\\\/11\\\/hara.jpg\",\"contentUrl\":\"https:\\\/\\\/www.visittorshavn.fo\\\/wp-content\\\/uploads\\\/2024\\\/11\\\/hara.jpg\",\"width\":1920,\"height\":1080},{\"@type\":\"BreadcrumbList\",\"@id\":\"https:\\\/\\\/www.visittorshavn.fo\\\/fo\\\/hare-hunting-in-the-faroe-islands\\\/#breadcrumb\",\"itemListElement\":[{\"@type\":\"ListItem\",\"position\":1,\"name\":\"Home\",\"item\":\"https:\\\/\\\/www.visittorshavn.fo\\\/fo\\\/\"},{\"@type\":\"ListItem\",\"position\":2,\"name\":\"Haruvei\u00f0a \u00ed F\u00f8royum\"}]},{\"@type\":\"WebSite\",\"@id\":\"https:\\\/\\\/www.visittorshavn.fo\\\/fo\\\/#website\",\"url\":\"https:\\\/\\\/www.visittorshavn.fo\\\/fo\\\/\",\"name\":\"Visit Torshavn\",\"description\":\"\",\"potentialAction\":[{\"@type\":\"SearchAction\",\"target\":{\"@type\":\"EntryPoint\",\"urlTemplate\":\"https:\\\/\\\/www.visittorshavn.fo\\\/fo\\\/?s={search_term_string}\"},\"query-input\":{\"@type\":\"PropertyValueSpecification\",\"valueRequired\":true,\"valueName\":\"search_term_string\"}}],\"inLanguage\":\"fo-FO\"},{\"@type\":\"Person\",\"@id\":\"https:\\\/\\\/www.visittorshavn.fo\\\/fo\\\/#\\\/schema\\\/person\\\/9969b2eee5114d7b25623b576c4e7664\",\"name\":\"Aviaja Josenius\",\"image\":{\"@type\":\"ImageObject\",\"inLanguage\":\"fo-FO\",\"@id\":\"https:\\\/\\\/secure.gravatar.com\\\/avatar\\\/08ed4d5142774b077d1065835ed50e10ce2d2de4131dc7073e7ad39c56d1c58e?s=96&d=mm&r=g\",\"url\":\"https:\\\/\\\/secure.gravatar.com\\\/avatar\\\/08ed4d5142774b077d1065835ed50e10ce2d2de4131dc7073e7ad39c56d1c58e?s=96&d=mm&r=g\",\"contentUrl\":\"https:\\\/\\\/secure.gravatar.com\\\/avatar\\\/08ed4d5142774b077d1065835ed50e10ce2d2de4131dc7073e7ad39c56d1c58e?s=96&d=mm&r=g\",\"caption\":\"Aviaja Josenius\"},\"url\":\"https:\\\/\\\/www.visittorshavn.fo\\\/fo\\\/author\\\/avi\\\/\"}]}<\/script>\n<!-- \/ Yoast SEO plugin. -->","yoast_head_json":{"title":"Haruvei\u00f0a \u00ed F\u00f8royum - Visit Torshavn","robots":{"index":"index","follow":"follow","max-snippet":"max-snippet:-1","max-image-preview":"max-image-preview:large","max-video-preview":"max-video-preview:-1"},"canonical":"https:\/\/www.visittorshavn.fo\/fo\/hare-hunting-in-the-faroe-islands\/","og_locale":"fo_FO","og_type":"article","og_title":"Haruvei\u00f0a \u00ed F\u00f8royum - Visit Torshavn","og_description":"Hesin teksturin er ein samandr\u00e1ttur av verkinum hj\u00e1 Ey\u00f0finn Magnussen, lektari \u00ed l\u00edvfr\u00f8\u00f0i \u00e1 N\u00e1tt\u00faruv\u00edsindadeildini hj\u00e1 Fr\u00f3\u00f0skaparsetrinum Hendan \u00edl\u00f8gan, \u00e1lj\u00f3\u00f0andi 5 r\u00edkisd\u00e1lar og 32 skillingar, man vera besta \u00edl\u00f8gan, sum [&hellip;]","og_url":"https:\/\/www.visittorshavn.fo\/fo\/hare-hunting-in-the-faroe-islands\/","og_site_name":"Visit Torshavn","article_published_time":"2025-08-30T12:49:31+00:00","og_image":[{"width":1920,"height":1080,"url":"https:\/\/www.visittorshavn.fo\/wp-content\/uploads\/2024\/11\/hara.jpg","type":"image\/jpeg"}],"author":"Aviaja Josenius","twitter_card":"summary_large_image","twitter_misc":{"Written by":"Aviaja Josenius","Est. reading time":"5 minutes"},"schema":{"@context":"https:\/\/schema.org","@graph":[{"@type":"Article","@id":"https:\/\/www.visittorshavn.fo\/fo\/hare-hunting-in-the-faroe-islands\/#article","isPartOf":{"@id":"https:\/\/www.visittorshavn.fo\/fo\/hare-hunting-in-the-faroe-islands\/"},"author":{"name":"Aviaja Josenius","@id":"https:\/\/www.visittorshavn.fo\/fo\/#\/schema\/person\/9969b2eee5114d7b25623b576c4e7664"},"headline":"Haruvei\u00f0a \u00ed F\u00f8royum","datePublished":"2025-08-30T12:49:31+00:00","mainEntityOfPage":{"@id":"https:\/\/www.visittorshavn.fo\/fo\/hare-hunting-in-the-faroe-islands\/"},"wordCount":887,"image":{"@id":"https:\/\/www.visittorshavn.fo\/fo\/hare-hunting-in-the-faroe-islands\/#primaryimage"},"thumbnailUrl":"https:\/\/www.visittorshavn.fo\/wp-content\/uploads\/2024\/11\/hara.jpg","keywords":["List &amp; Mentan"],"articleSection":["Culture","News","Traditional"],"inLanguage":"fo-FO"},{"@type":"WebPage","@id":"https:\/\/www.visittorshavn.fo\/fo\/hare-hunting-in-the-faroe-islands\/","url":"https:\/\/www.visittorshavn.fo\/fo\/hare-hunting-in-the-faroe-islands\/","name":"Haruvei\u00f0a \u00ed F\u00f8royum - Visit Torshavn","isPartOf":{"@id":"https:\/\/www.visittorshavn.fo\/fo\/#website"},"primaryImageOfPage":{"@id":"https:\/\/www.visittorshavn.fo\/fo\/hare-hunting-in-the-faroe-islands\/#primaryimage"},"image":{"@id":"https:\/\/www.visittorshavn.fo\/fo\/hare-hunting-in-the-faroe-islands\/#primaryimage"},"thumbnailUrl":"https:\/\/www.visittorshavn.fo\/wp-content\/uploads\/2024\/11\/hara.jpg","datePublished":"2025-08-30T12:49:31+00:00","author":{"@id":"https:\/\/www.visittorshavn.fo\/fo\/#\/schema\/person\/9969b2eee5114d7b25623b576c4e7664"},"breadcrumb":{"@id":"https:\/\/www.visittorshavn.fo\/fo\/hare-hunting-in-the-faroe-islands\/#breadcrumb"},"inLanguage":"fo-FO","potentialAction":[{"@type":"ReadAction","target":["https:\/\/www.visittorshavn.fo\/fo\/hare-hunting-in-the-faroe-islands\/"]}]},{"@type":"ImageObject","inLanguage":"fo-FO","@id":"https:\/\/www.visittorshavn.fo\/fo\/hare-hunting-in-the-faroe-islands\/#primaryimage","url":"https:\/\/www.visittorshavn.fo\/wp-content\/uploads\/2024\/11\/hara.jpg","contentUrl":"https:\/\/www.visittorshavn.fo\/wp-content\/uploads\/2024\/11\/hara.jpg","width":1920,"height":1080},{"@type":"BreadcrumbList","@id":"https:\/\/www.visittorshavn.fo\/fo\/hare-hunting-in-the-faroe-islands\/#breadcrumb","itemListElement":[{"@type":"ListItem","position":1,"name":"Home","item":"https:\/\/www.visittorshavn.fo\/fo\/"},{"@type":"ListItem","position":2,"name":"Haruvei\u00f0a \u00ed F\u00f8royum"}]},{"@type":"WebSite","@id":"https:\/\/www.visittorshavn.fo\/fo\/#website","url":"https:\/\/www.visittorshavn.fo\/fo\/","name":"Visit Torshavn","description":"","potentialAction":[{"@type":"SearchAction","target":{"@type":"EntryPoint","urlTemplate":"https:\/\/www.visittorshavn.fo\/fo\/?s={search_term_string}"},"query-input":{"@type":"PropertyValueSpecification","valueRequired":true,"valueName":"search_term_string"}}],"inLanguage":"fo-FO"},{"@type":"Person","@id":"https:\/\/www.visittorshavn.fo\/fo\/#\/schema\/person\/9969b2eee5114d7b25623b576c4e7664","name":"Aviaja Josenius","image":{"@type":"ImageObject","inLanguage":"fo-FO","@id":"https:\/\/secure.gravatar.com\/avatar\/08ed4d5142774b077d1065835ed50e10ce2d2de4131dc7073e7ad39c56d1c58e?s=96&d=mm&r=g","url":"https:\/\/secure.gravatar.com\/avatar\/08ed4d5142774b077d1065835ed50e10ce2d2de4131dc7073e7ad39c56d1c58e?s=96&d=mm&r=g","contentUrl":"https:\/\/secure.gravatar.com\/avatar\/08ed4d5142774b077d1065835ed50e10ce2d2de4131dc7073e7ad39c56d1c58e?s=96&d=mm&r=g","caption":"Aviaja Josenius"},"url":"https:\/\/www.visittorshavn.fo\/fo\/author\/avi\/"}]}},"_links":{"self":[{"href":"https:\/\/www.visittorshavn.fo\/fo\/wp-json\/wp\/v2\/posts\/18372","targetHints":{"allow":["GET"]}}],"collection":[{"href":"https:\/\/www.visittorshavn.fo\/fo\/wp-json\/wp\/v2\/posts"}],"about":[{"href":"https:\/\/www.visittorshavn.fo\/fo\/wp-json\/wp\/v2\/types\/post"}],"author":[{"embeddable":true,"href":"https:\/\/www.visittorshavn.fo\/fo\/wp-json\/wp\/v2\/users\/4"}],"replies":[{"embeddable":true,"href":"https:\/\/www.visittorshavn.fo\/fo\/wp-json\/wp\/v2\/comments?post=18372"}],"version-history":[{"count":0,"href":"https:\/\/www.visittorshavn.fo\/fo\/wp-json\/wp\/v2\/posts\/18372\/revisions"}],"wp:featuredmedia":[{"embeddable":true,"href":"https:\/\/www.visittorshavn.fo\/fo\/wp-json\/wp\/v2\/media\/18129"}],"wp:attachment":[{"href":"https:\/\/www.visittorshavn.fo\/fo\/wp-json\/wp\/v2\/media?parent=18372"}],"wp:term":[{"taxonomy":"category","embeddable":true,"href":"https:\/\/www.visittorshavn.fo\/fo\/wp-json\/wp\/v2\/categories?post=18372"},{"taxonomy":"post_tag","embeddable":true,"href":"https:\/\/www.visittorshavn.fo\/fo\/wp-json\/wp\/v2\/tags?post=18372"}],"curies":[{"name":"wp","href":"https:\/\/api.w.org\/{rel}","templated":true}]}}